{"id":319722,"date":"2020-10-26T08:46:33","date_gmt":"2020-10-26T06:46:33","guid":{"rendered":"https:\/\/newsmaker.md\/?p=319722"},"modified":"2020-10-26T08:46:33","modified_gmt":"2020-10-26T06:46:33","slug":"cu-gazele-la-alegeri-cum-se-schimba-tarifele-in-moldova-de-dragul-politicienilor","status":"publish","type":"post","link":"https:\/\/newsmaker.md\/ro\/cu-gazele-la-alegeri-cum-se-schimba-tarifele-in-moldova-de-dragul-politicienilor","title":{"rendered":"Cu gazele, la alegeri. Cum se schimb\u0103 tarifele \u00een Moldova de dragul politicienilor"},"content":{"rendered":"<p><strong>Pre\u021bul de achizi\u021bie a gazelor care este inclus \u00een tarif s-a schimbat \u00eenc\u0103 \u00een prim\u0103vara acestui an \u0219i \u00een lunile aprilie-mai, \u201eMoldovagaz\u201d avea deja motive s\u0103 se adresa c\u0103tre Agen\u021bia Na\u021bional\u0103 pentru Reglementare \u00een Energetic\u0103 pentru a fi revizuite tarifele. Dar solicitarea c\u0103tre ANRE a fost transmis\u0103 abia \u00een luna septembrie, iar tarifele noi urmeaz\u0103 s\u0103 fie aprobate cu patru zile \u00eenainte de alegerile preziden\u021biale. \u201eMoldovagaz\u201d a propus mic\u0219orarea tarifului pentru popula\u021bie cu 8,6%. Iar ANRE a propus minus 14% \u0219i compensarea acestei reduceri din contul tarifelor mari pentru CET-uri. Exper\u021bii consider\u0103 c\u0103 aceast\u0103 mic\u0219orare a tarifelor poart\u0103 un caracter v\u0103dit electoral.<\/strong><\/p>\n<h3>Calcularea tarifului<\/h3>\n<p>S\u0103pt\u0103m\u00e2na viitoare, cu doar c\u00e2teva zile \u00eenainte de alegerile preziden\u021biale, Agen\u021bia Na\u021bional\u0103 pentru Reglementare \u00een Energetic\u0103 (ANRE) inten\u021bioneaz\u0103 s\u0103 aprobe noile tarife la gaze.<\/p>\n<p>Conform estim\u0103rilor ANRE, cea mai mare reducere va fi \u00een cazul tarifului pentru consumatorii casnici conecta\u021bi la re\u021belele de joas\u0103 presiune. Acesta urmeaz\u0103 s\u0103 fie mic\u0219orat cu 14% &#8211; de la 4895 de lei pentru 1000 de metri cubi p\u00e2n\u0103 la 4225 de lei.<\/p>\n<p>Pentru consumatorii mari conecta\u021bi la re\u021belele de \u00eenalt\u0103 presiune, cum ar fi CET-urile, tariful va fi mic\u0219orat p\u00e2n\u0103 la 3901 lei, iar pentru cei care primesc gaze prin conducte de presiune medie, gazele vor costa 4123 de lei pentru 1000 de metri cubi.<\/p>\n<p>Structura simplificat\u0103 a tarifului la gaze pentru consumatorii finali:<\/p>\n<p><strong>Pre\u021bul gazelor<\/strong><br \/>\n<strong>Livrarea<\/strong><br \/>\n<strong>Transportarea<\/strong><br \/>\n<strong>Distribu\u021bia<\/strong><br \/>\n<strong>Pierderile \u00een re\u021bele<\/strong><br \/>\n<strong>Rentabilitatea<\/strong><br \/>\n<strong>Devierile financiare<\/strong><\/p>\n<p>La calcularea tarifului, conteaz\u0103 \u0219i cursul valutar, num\u0103rul de consumatori, volumul de gaze.<\/p>\n<p>\u201eMoldovagaz\u201d a prezentat la ANRE alte calcule. \u00centreprinderea a propus ca tarifele s\u0103 fie reduse, \u00een medie, cu 7,6%. Totodat\u0103, lu\u00e2nd \u00een calcul estim\u0103rile sale \u0219i devierile financiare pe care \u00eentreprinderea le-a acumulat \u00een primele 9 luni ale anului curent, pentru a acoperi toate cheltuielile de livrare \u0219i de distribu\u021bie, tariful calculat pentru consumatorii casnici ar trebui s\u0103 constituie 4938 de lei. Deci, chiar un pic mai mare dec\u00e2t tariful actual \u2013 4895 de lei (+43 de lei). Pentru re\u021belele de presiune medie \u0219i \u00eenalt\u0103, \u201eMoldovagaz\u201d a propus tarife de 3500 \u0219i, respectiv, 3216 lei pentru 1000 de metri cubi.<\/p>\n<p>Argument\u00e2nd calculele \u00eentreprinderii, Vadim Ceban, pre\u0219edintele \u201eMoldovagaz\u201d, a precizat pentru NM c\u0103 \u201e\u00eentreprinderea a propus varianta proprie de distribu\u021bie a tarifelor pe categoriile de consumatori, conform c\u0103ruia tariful pentru consumatorul casnic final constituie 4471 de lei pentru 1000 de metri cubi, sau cu 8,6% mai pu\u021bin dec\u00e2t cel actual\u201d.<\/p>\n<p>Din proiectele de cost al aprovizion\u0103rii cu gaze pentru anul 2020, elaborate de \u201eMoldovagaz\u201d \u0219i ANRE, reiese c\u0103 cifrele lor se deosebesc. \u00cen proiecte este folosit un curs valutar diferit \u2013 \u00eentreprinderea prezint\u0103 17,79 lei pentru un dolar, iar agen\u021bia \u2013 17,37. Respectiv, se deosebe\u0219te \u0219i pre\u021bul de achizi\u021bie \u00een lei, inclus \u00een tarif. Ce-i drept, \u00een dolari, pre\u021bul este aproape acela\u0219i \u2013 148 de dolari pentru 1000 de metri cubi.<\/p>\n<p>Reamintim c\u0103 \u00een prezent, \u00een tarif este inclus\u0103 suma de 178,5 dolari.<\/p>\n<p>\u00cen acela\u0219i timp, \u201eMoldovagaz\u201d \u0219i ANRE au tarife diferite pentru transportare (251,7 lei \u0219i 249,2 lei), pentru distribu\u021bie (1444,3 lei \u0219i 1169,5 lei), pentru livrare (190 \u0219i 135,9 lei). \u201eMoldovagaz\u201d se a\u0219tepta ca \u00een tarif s\u0103 fie inclus\u0103 o rentabilitate de 39,5 lei, iar ANRE a redus-o p\u00e2n\u0103 la 25,8 lei. Acela\u0219i lucru este \u0219i \u00een cazul devierilor financiare: \u00een locul celor 26 de milioane de lei solicitate, \u00een tarif au fost incluse 20 de milioane de lei (\u00een tarif, aceasta \u00eenseamn\u0103 20 de lei pentru 1000 de metri cubi).<\/p>\n<p>Cea mai mare diferen\u021b\u0103 \u2013 de peste 600 de lei \u2013 este dintre tarifele calculate pentru re\u021belele de presiune \u00eenalt\u0103 \u0219i medie. Dac\u0103 \u201eMoldovagaz\u201d a propus pentru acestea un tarif mult mai mic, ANRE \u2013 mult mai mare.<\/p>\n<h3>Pas electoral?<\/h3>\n<p>Sergiu Tofilat, expert \u00een energetic\u0103, consider\u0103 c\u0103 astfel, ANRE a reu\u0219it s\u0103 propun\u0103 popula\u021biei o reducere mult mai mare a pre\u021bului gazelor, din contul unui tarif mult mai mare pentru CET-uri \u0219i pentru marii consumatori din domeniul afacerilor.<\/p>\n<p>\u0218tefan Creang\u0103, unul dintre directorii ANRE, a men\u021bionat pentru NM c\u0103 \u00een acest context, majorarea tarifelor la energia termic\u0103 nu se prevede. \u201eDe exemplu, \u201eTermoeletrica\u201d a acumulat devieri financiare pozitive considerabile. Acest lucru permite reducerea tarifului la energia termic\u0103 \u0219i nu majorarea acestuia\u201d, a men\u021bionat Creang\u0103.<\/p>\n<p>R\u0103spunz\u00e2nd la \u00eentrebarea, de ce tarifele la gaze nu au fost modificate mai devreme, ci au f\u0103cut acest lucru \u00een ajunul alegerilor, Creang\u0103 a declarat c\u0103 dimporiv\u0103, ANRE a dorit s\u0103 se evite caracterul electoral al modific\u0103rilor \u0219i a am\u00e2nat modificarea pentru sf\u00e2r\u0219itul lunii octombrie.<\/p>\n<p>\u201eIni\u021bial, noi preconizam s\u0103 aprob\u0103m noile tarife la 10 octombrie, dar am decis c\u0103 anume atunci acestea ar putea fi folosite \u00een scopuri electorale. De aceea am hot\u0103r\u00e2t s\u0103 am\u00e2n\u0103m aprobarea pentru un termen mult mai t\u00e2rziu, ca tarifele s\u0103 func\u021bioneze de la \u00eenceputul sezonului de \u00eenc\u0103lzire, de la 1 noiembrie. \u00cen plus, p\u00e2n\u0103 vor fi publicate \u00een \u201eMonitorul Oficial\u201d \u2013 iar aceasta nu va fi mai devreme dec\u00e2t vineri, 30 octombrie, candida\u021bii la func\u021bia de pre\u0219edinte pur \u0219i simplu nu vor reu\u0219i s\u0103 se foloseasc\u0103 de noile tarife \u2013 s\u00e2mb\u0103t\u0103 va fi deja ziua t\u0103cerii\u201d, a precizat directorul ANRE.<\/p>\n<p>Potrivit afirma\u021biilor sale, tarifele la gaze nu au nicio leg\u0103tur\u0103 cu alegerile.<\/p>\n<p>Mai devreme, r\u0103spunz\u00e2nd la \u00eentreb\u0103rile NM, c\u00e2nd \u00eentreprinderea va depune o cerere de revizuire a tarifelor, lu\u00e2nd \u00een calcul mic\u0219orarea considerabil\u0103 a pre\u021bului de achizi\u021bie, Vadim Ceban, pre\u0219edintele \u201eMoldovagaz\u201d, a men\u021bionat c\u0103 \u00eentreprinderea inten\u021biona s\u0103 fac\u0103 acest lucru \u00eenc\u0103 \u00een prim\u0103var\u0103, dar a am\u00e2nat aceast\u0103 chestiune din cauza necesit\u0103\u021bii de a efectua reorganizarea intern\u0103, de a aproba cheltuielile de baz\u0103, metodologia de calculare a tarifului \u0219i alte acte normative.<\/p>\n<p>Exper\u021bii consider\u0103 c\u0103 reducerea tarifelor la gaze are un caracter v\u0103dit electoral. Victor Parlicov, fostul pre\u0219edinte al ANRE, a remarcat c\u0103, formal, \u201enu te po\u021bi ag\u0103\u021ba de nimic\u201d, tariful de mult trebuia s\u0103 fie redus, dar oamenii simpli \u021bin minte foarte bine, \u00een timpul c\u0103rei guvern\u0103ri se reduc tarifele, mai ales dac\u0103 aceasta se \u00eent\u00e2mpl\u0103 cu doar c\u00e2teva zile \u00eenainte de alegeri.<\/p>\n<p>Men\u021bion\u0103m c\u0103 nu este prima dat\u0103 c\u00e2nd reducerea tarifelor \u00een Moldova se folose\u0219te \u00een scopuri electorale ori acestea sunt modificate la indica\u021bia guvernan\u021bilor. \u00cen anul 2018, premierul de atunci, Pavel Filip a f\u0103cut un apel de a reduce tarifele la gaze \u0219i, mai t\u00e2rziu, ANRE a aprobat pre\u021buri noi.<\/p>\n","protected":false},"excerpt":{"rendered":"excerpt","protected":false},"author":62,"featured_media":137011,"comment_status":"open","ping_status":"closed","sticky":false,"template":"","format":"standard","meta":{"_acf_changed":false,"episode_type":"","audio_file":"","cover_image":"","cover_image_id":"","duration":"","filesize":"","date_recorded":"","explicit":"","block":"","filesize_raw":"","footnotes":"","tstyn_error":""},"categories":[15045],"tags":[17918,15773,26415,26416],"author_tag":[15161],"class_list":["post-319722","post","type-post","status-publish","format-standard","has-post-thumbnail","hentry","category-bani","tag-anre","tag-top-ro","tag-gaz-ro","tag-moldovagaz-ro","author_tag-natala-melnik-ro-2"],"acf":[],"yoast_head":"<!-- This site is optimized with the Yoast SEO Premium plugin v24.7 (Yoast SEO v24.7) - https:\/\/yoast.com\/wordpress\/plugins\/seo\/ -->\n<title>Cu gazele, la alegeri. Cum se schimb\u0103 tarifele \u00een Moldova de dragul politicienilor - NewsMaker<\/title>\n<meta name=\"robots\" content=\"index, follow, max-snippet:-1, max-image-preview:large, max-video-preview:-1\" \/>\n<meta property=\"og:locale\" content=\"ro_RO\" \/>\n<meta property=\"og:type\" content=\"article\" \/>\n<meta property=\"og:title\" content=\"Cu gazele, la alegeri. Cum se schimb\u0103 tarifele \u00een Moldova de dragul politicienilor\" \/>\n<meta property=\"og:description\" content=\"Pre\u021bul de achizi\u021bie a gazelor care este inclus \u00een tarif s-a schimbat \u00eenc\u0103 \u00een prim\u0103vara acestui an \u0219i \u00een lunile aprilie-mai, \u201eMoldovagaz\u201d avea deja motive s\u0103 se adresa c\u0103tre Agen\u021bia Na\u021bional\u0103 pentru Reglementare \u00een Energetic\u0103 pentru a fi revizuite tarifele. Dar solicitarea c\u0103tre ANRE a fost transmis\u0103 abia \u00een luna septembrie, iar tarifele noi urmeaz\u0103 [&hellip;]\" \/>\n<meta property=\"og:url\" content=\"https:\/\/newsmaker.md\/ro\/cu-gazele-la-alegeri-cum-se-schimba-tarifele-in-moldova-de-dragul-politicienilor\" \/>\n<meta property=\"og:site_name\" content=\"NewsMaker\" \/>\n<meta property=\"article:publisher\" content=\"https:\/\/www.facebook.com\/newsmakermd\/\" \/>\n<meta property=\"article:published_time\" content=\"2020-10-26T06:46:33+00:00\" \/>\n<meta property=\"og:image\" content=\"https:\/\/newsmaker.md\/wp-content\/uploads\/2019\/08\/gazz.jpg\" \/>\n\t<meta property=\"og:image:width\" content=\"1280\" \/>\n\t<meta property=\"og:image:height\" content=\"1037\" \/>\n\t<meta property=\"og:image:type\" content=\"image\/jpeg\" \/>\n<meta name=\"author\" content=\"\u041a\u0440\u0438\u0441\u0442\u0438\u043d\u0430 \u0414\u0435\u043c\u0438\u0430\u043d\" \/>\n<meta name=\"twitter:card\" content=\"summary_large_image\" \/>\n<meta name=\"twitter:creator\" content=\"@NewsMakerMD\" \/>\n<meta name=\"twitter:site\" content=\"@NewsMakerMD\" \/>\n<script type=\"application\/ld+json\" class=\"yoast-schema-graph\">{\"@context\":\"https:\/\/schema.org\",\"@graph\":[{\"@type\":\"Article\",\"@id\":\"https:\/\/newsmaker.md\/ro\/cu-gazele-la-alegeri-cum-se-schimba-tarifele-in-moldova-de-dragul-politicienilor#article\",\"isPartOf\":{\"@id\":\"https:\/\/newsmaker.md\/ro\/cu-gazele-la-alegeri-cum-se-schimba-tarifele-in-moldova-de-dragul-politicienilor\"},\"author\":{\"name\":\"\u041a\u0440\u0438\u0441\u0442\u0438\u043d\u0430 \u0414\u0435\u043c\u0438\u0430\u043d\",\"@id\":\"https:\/\/newsmaker.md\/ro\/#\/schema\/person\/aa540f54d9679d44f34a3258b0a5547f\"},\"headline\":\"Cu gazele, la alegeri. Cum se schimb\u0103 tarifele \u00een Moldova de dragul politicienilor\",\"datePublished\":\"2020-10-26T06:46:33+00:00\",\"mainEntityOfPage\":{\"@id\":\"https:\/\/newsmaker.md\/ro\/cu-gazele-la-alegeri-cum-se-schimba-tarifele-in-moldova-de-dragul-politicienilor\"},\"wordCount\":1114,\"commentCount\":0,\"publisher\":{\"@id\":\"https:\/\/newsmaker.md\/ro\/#organization\"},\"image\":{\"@id\":\"https:\/\/newsmaker.md\/ro\/cu-gazele-la-alegeri-cum-se-schimba-tarifele-in-moldova-de-dragul-politicienilor#primaryimage\"},\"thumbnailUrl\":\"https:\/\/newsmaker.md\/wp-content\/uploads\/2019\/08\/gazz.jpg\",\"keywords\":[\"ANRE\",\"top\",\"\u0433\u0430\u0437\",\"\u041c\u043e\u043b\u0434\u043e\u0432\u0430\u0433\u0430\u0437\"],\"articleSection\":[\"Bani\"],\"inLanguage\":\"ro-RO\",\"potentialAction\":[{\"@type\":\"CommentAction\",\"name\":\"Comment\",\"target\":[\"https:\/\/newsmaker.md\/ro\/cu-gazele-la-alegeri-cum-se-schimba-tarifele-in-moldova-de-dragul-politicienilor#respond\"]}],\"copyrightYear\":\"2020\",\"copyrightHolder\":{\"@id\":\"https:\/\/newsmaker.md\/#organization\"}},{\"@type\":\"WebPage\",\"@id\":\"https:\/\/newsmaker.md\/ro\/cu-gazele-la-alegeri-cum-se-schimba-tarifele-in-moldova-de-dragul-politicienilor\",\"url\":\"https:\/\/newsmaker.md\/ro\/cu-gazele-la-alegeri-cum-se-schimba-tarifele-in-moldova-de-dragul-politicienilor\",\"name\":\"Cu gazele, la alegeri. Cum se schimb\u0103 tarifele \u00een Moldova de dragul politicienilor - NewsMaker\",\"isPartOf\":{\"@id\":\"https:\/\/newsmaker.md\/ro\/#website\"},\"primaryImageOfPage\":{\"@id\":\"https:\/\/newsmaker.md\/ro\/cu-gazele-la-alegeri-cum-se-schimba-tarifele-in-moldova-de-dragul-politicienilor#primaryimage\"},\"image\":{\"@id\":\"https:\/\/newsmaker.md\/ro\/cu-gazele-la-alegeri-cum-se-schimba-tarifele-in-moldova-de-dragul-politicienilor#primaryimage\"},\"thumbnailUrl\":\"https:\/\/newsmaker.md\/wp-content\/uploads\/2019\/08\/gazz.jpg\",\"datePublished\":\"2020-10-26T06:46:33+00:00\",\"breadcrumb\":{\"@id\":\"https:\/\/newsmaker.md\/ro\/cu-gazele-la-alegeri-cum-se-schimba-tarifele-in-moldova-de-dragul-politicienilor#breadcrumb\"},\"inLanguage\":\"ro-RO\",\"potentialAction\":[{\"@type\":\"ReadAction\",\"target\":[\"https:\/\/newsmaker.md\/ro\/cu-gazele-la-alegeri-cum-se-schimba-tarifele-in-moldova-de-dragul-politicienilor\"]}]},{\"@type\":\"ImageObject\",\"inLanguage\":\"ro-RO\",\"@id\":\"https:\/\/newsmaker.md\/ro\/cu-gazele-la-alegeri-cum-se-schimba-tarifele-in-moldova-de-dragul-politicienilor#primaryimage\",\"url\":\"https:\/\/newsmaker.md\/wp-content\/uploads\/2019\/08\/gazz.jpg\",\"contentUrl\":\"https:\/\/newsmaker.md\/wp-content\/uploads\/2019\/08\/gazz.jpg\",\"width\":1280,\"height\":1037},{\"@type\":\"BreadcrumbList\",\"@id\":\"https:\/\/newsmaker.md\/ro\/cu-gazele-la-alegeri-cum-se-schimba-tarifele-in-moldova-de-dragul-politicienilor#breadcrumb\",\"itemListElement\":[{\"@type\":\"ListItem\",\"position\":1,\"name\":\"Home\",\"item\":\"https:\/\/newsmaker.md\/ro\"},{\"@type\":\"ListItem\",\"position\":2,\"name\":\"Cu gazele, la alegeri. Cum se schimb\u0103 tarifele \u00een Moldova de dragul politicienilor\"}]},{\"@type\":\"WebSite\",\"@id\":\"https:\/\/newsmaker.md\/ro\/#website\",\"url\":\"https:\/\/newsmaker.md\/ro\/\",\"name\":\"NewsMaker.md\",\"description\":\"\u0422\u043e\u043b\u044c\u043a\u043e \u0441\u0430\u043c\u044b\u0435 \u0432\u0430\u0436\u043d\u044b\u0435 \u043d\u043e\u0432\u043e\u0441\u0442\u0438 \u041c\u043e\u043b\u0434\u043e\u0432\u044b \u0438 \u043c\u0438\u0440\u0430\",\"publisher\":{\"@id\":\"https:\/\/newsmaker.md\/ro\/#organization\"},\"potentialAction\":[{\"@type\":\"SearchAction\",\"target\":{\"@type\":\"EntryPoint\",\"urlTemplate\":\"https:\/\/newsmaker.md\/ro\/?s={search_term_string}\"},\"query-input\":{\"@type\":\"PropertyValueSpecification\",\"valueRequired\":true,\"valueName\":\"search_term_string\"}}],\"inLanguage\":\"ro-RO\"},{\"@type\":\"Organization\",\"@id\":\"https:\/\/newsmaker.md\/ro\/#organization\",\"name\":\"NewsMaker.md\",\"url\":\"https:\/\/newsmaker.md\/ro\/\",\"logo\":{\"@type\":\"ImageObject\",\"inLanguage\":\"ro-RO\",\"@id\":\"https:\/\/newsmaker.md\/ro\/#\/schema\/logo\/image\/\",\"url\":\"https:\/\/newsmaker.md\/wp-content\/uploads\/2019\/01\/logo_square.jpg\",\"contentUrl\":\"https:\/\/newsmaker.md\/wp-content\/uploads\/2019\/01\/logo_square.jpg\",\"width\":2835,\"height\":2835,\"caption\":\"NewsMaker.md\"},\"image\":{\"@id\":\"https:\/\/newsmaker.md\/ro\/#\/schema\/logo\/image\/\"},\"sameAs\":[\"https:\/\/www.facebook.com\/newsmakermd\/\",\"https:\/\/x.com\/NewsMakerMD\",\"https:\/\/www.instagram.com\/newsmakermd\/\",\"https:\/\/www.youtube.com\/channel\/UCRk7uMJLm68va162_gEmJLA\"],\"ownershipFundingInfo\":\"https:\/\/newsmaker.md\/ru\/o-proekte\"},{\"@type\":\"Person\",\"@id\":\"https:\/\/newsmaker.md\/ro\/#\/schema\/person\/aa540f54d9679d44f34a3258b0a5547f\",\"name\":\"\u041a\u0440\u0438\u0441\u0442\u0438\u043d\u0430 \u0414\u0435\u043c\u0438\u0430\u043d\",\"image\":{\"@type\":\"ImageObject\",\"inLanguage\":\"ro-RO\",\"@id\":\"https:\/\/newsmaker.md\/ro\/#\/schema\/person\/image\/\",\"url\":\"https:\/\/secure.gravatar.com\/avatar\/1d93ae8948fefa9e25ba2650da1ab50f?s=96&d=mm&r=g\",\"contentUrl\":\"https:\/\/secure.gravatar.com\/avatar\/1d93ae8948fefa9e25ba2650da1ab50f?s=96&d=mm&r=g\",\"caption\":\"\u041a\u0440\u0438\u0441\u0442\u0438\u043d\u0430 \u0414\u0435\u043c\u0438\u0430\u043d\"},\"url\":\"https:\/\/newsmaker.md\/ro\/author\/demian\"}]}<\/script>\n<!-- \/ Yoast SEO Premium plugin. -->","yoast_head_json":{"title":"Cu gazele, la alegeri. Cum se schimb\u0103 tarifele \u00een Moldova de dragul politicienilor - NewsMaker","robots":{"index":"index","follow":"follow","max-snippet":"max-snippet:-1","max-image-preview":"max-image-preview:large","max-video-preview":"max-video-preview:-1"},"og_locale":"ro_RO","og_type":"article","og_title":"Cu gazele, la alegeri. Cum se schimb\u0103 tarifele \u00een Moldova de dragul politicienilor","og_description":"Pre\u021bul de achizi\u021bie a gazelor care este inclus \u00een tarif s-a schimbat \u00eenc\u0103 \u00een prim\u0103vara acestui an \u0219i \u00een lunile aprilie-mai, \u201eMoldovagaz\u201d avea deja motive s\u0103 se adresa c\u0103tre Agen\u021bia Na\u021bional\u0103 pentru Reglementare \u00een Energetic\u0103 pentru a fi revizuite tarifele. Dar solicitarea c\u0103tre ANRE a fost transmis\u0103 abia \u00een luna septembrie, iar tarifele noi urmeaz\u0103 [&hellip;]","og_url":"https:\/\/newsmaker.md\/ro\/cu-gazele-la-alegeri-cum-se-schimba-tarifele-in-moldova-de-dragul-politicienilor","og_site_name":"NewsMaker","article_publisher":"https:\/\/www.facebook.com\/newsmakermd\/","article_published_time":"2020-10-26T06:46:33+00:00","og_image":[{"width":1280,"height":1037,"url":"https:\/\/newsmaker.md\/wp-content\/uploads\/2019\/08\/gazz.jpg","type":"image\/jpeg"}],"author":"\u041a\u0440\u0438\u0441\u0442\u0438\u043d\u0430 \u0414\u0435\u043c\u0438\u0430\u043d","twitter_card":"summary_large_image","twitter_creator":"@NewsMakerMD","twitter_site":"@NewsMakerMD","schema":{"@context":"https:\/\/schema.org","@graph":[{"@type":"Article","@id":"https:\/\/newsmaker.md\/ro\/cu-gazele-la-alegeri-cum-se-schimba-tarifele-in-moldova-de-dragul-politicienilor#article","isPartOf":{"@id":"https:\/\/newsmaker.md\/ro\/cu-gazele-la-alegeri-cum-se-schimba-tarifele-in-moldova-de-dragul-politicienilor"},"author":{"name":"\u041a\u0440\u0438\u0441\u0442\u0438\u043d\u0430 \u0414\u0435\u043c\u0438\u0430\u043d","@id":"https:\/\/newsmaker.md\/ro\/#\/schema\/person\/aa540f54d9679d44f34a3258b0a5547f"},"headline":"Cu gazele, la alegeri. Cum se schimb\u0103 tarifele \u00een Moldova de dragul politicienilor","datePublished":"2020-10-26T06:46:33+00:00","mainEntityOfPage":{"@id":"https:\/\/newsmaker.md\/ro\/cu-gazele-la-alegeri-cum-se-schimba-tarifele-in-moldova-de-dragul-politicienilor"},"wordCount":1114,"commentCount":0,"publisher":{"@id":"https:\/\/newsmaker.md\/ro\/#organization"},"image":{"@id":"https:\/\/newsmaker.md\/ro\/cu-gazele-la-alegeri-cum-se-schimba-tarifele-in-moldova-de-dragul-politicienilor#primaryimage"},"thumbnailUrl":"https:\/\/newsmaker.md\/wp-content\/uploads\/2019\/08\/gazz.jpg","keywords":["ANRE","top","\u0433\u0430\u0437","\u041c\u043e\u043b\u0434\u043e\u0432\u0430\u0433\u0430\u0437"],"articleSection":["Bani"],"inLanguage":"ro-RO","potentialAction":[{"@type":"CommentAction","name":"Comment","target":["https:\/\/newsmaker.md\/ro\/cu-gazele-la-alegeri-cum-se-schimba-tarifele-in-moldova-de-dragul-politicienilor#respond"]}],"copyrightYear":"2020","copyrightHolder":{"@id":"https:\/\/newsmaker.md\/#organization"}},{"@type":"WebPage","@id":"https:\/\/newsmaker.md\/ro\/cu-gazele-la-alegeri-cum-se-schimba-tarifele-in-moldova-de-dragul-politicienilor","url":"https:\/\/newsmaker.md\/ro\/cu-gazele-la-alegeri-cum-se-schimba-tarifele-in-moldova-de-dragul-politicienilor","name":"Cu gazele, la alegeri. Cum se schimb\u0103 tarifele \u00een Moldova de dragul politicienilor - NewsMaker","isPartOf":{"@id":"https:\/\/newsmaker.md\/ro\/#website"},"primaryImageOfPage":{"@id":"https:\/\/newsmaker.md\/ro\/cu-gazele-la-alegeri-cum-se-schimba-tarifele-in-moldova-de-dragul-politicienilor#primaryimage"},"image":{"@id":"https:\/\/newsmaker.md\/ro\/cu-gazele-la-alegeri-cum-se-schimba-tarifele-in-moldova-de-dragul-politicienilor#primaryimage"},"thumbnailUrl":"https:\/\/newsmaker.md\/wp-content\/uploads\/2019\/08\/gazz.jpg","datePublished":"2020-10-26T06:46:33+00:00","breadcrumb":{"@id":"https:\/\/newsmaker.md\/ro\/cu-gazele-la-alegeri-cum-se-schimba-tarifele-in-moldova-de-dragul-politicienilor#breadcrumb"},"inLanguage":"ro-RO","potentialAction":[{"@type":"ReadAction","target":["https:\/\/newsmaker.md\/ro\/cu-gazele-la-alegeri-cum-se-schimba-tarifele-in-moldova-de-dragul-politicienilor"]}]},{"@type":"ImageObject","inLanguage":"ro-RO","@id":"https:\/\/newsmaker.md\/ro\/cu-gazele-la-alegeri-cum-se-schimba-tarifele-in-moldova-de-dragul-politicienilor#primaryimage","url":"https:\/\/newsmaker.md\/wp-content\/uploads\/2019\/08\/gazz.jpg","contentUrl":"https:\/\/newsmaker.md\/wp-content\/uploads\/2019\/08\/gazz.jpg","width":1280,"height":1037},{"@type":"BreadcrumbList","@id":"https:\/\/newsmaker.md\/ro\/cu-gazele-la-alegeri-cum-se-schimba-tarifele-in-moldova-de-dragul-politicienilor#breadcrumb","itemListElement":[{"@type":"ListItem","position":1,"name":"Home","item":"https:\/\/newsmaker.md\/ro"},{"@type":"ListItem","position":2,"name":"Cu gazele, la alegeri. Cum se schimb\u0103 tarifele \u00een Moldova de dragul politicienilor"}]},{"@type":"WebSite","@id":"https:\/\/newsmaker.md\/ro\/#website","url":"https:\/\/newsmaker.md\/ro\/","name":"NewsMaker.md","description":"\u0422\u043e\u043b\u044c\u043a\u043e \u0441\u0430\u043c\u044b\u0435 \u0432\u0430\u0436\u043d\u044b\u0435 \u043d\u043e\u0432\u043e\u0441\u0442\u0438 \u041c\u043e\u043b\u0434\u043e\u0432\u044b \u0438 \u043c\u0438\u0440\u0430","publisher":{"@id":"https:\/\/newsmaker.md\/ro\/#organization"},"potentialAction":[{"@type":"SearchAction","target":{"@type":"EntryPoint","urlTemplate":"https:\/\/newsmaker.md\/ro\/?s={search_term_string}"},"query-input":{"@type":"PropertyValueSpecification","valueRequired":true,"valueName":"search_term_string"}}],"inLanguage":"ro-RO"},{"@type":"Organization","@id":"https:\/\/newsmaker.md\/ro\/#organization","name":"NewsMaker.md","url":"https:\/\/newsmaker.md\/ro\/","logo":{"@type":"ImageObject","inLanguage":"ro-RO","@id":"https:\/\/newsmaker.md\/ro\/#\/schema\/logo\/image\/","url":"https:\/\/newsmaker.md\/wp-content\/uploads\/2019\/01\/logo_square.jpg","contentUrl":"https:\/\/newsmaker.md\/wp-content\/uploads\/2019\/01\/logo_square.jpg","width":2835,"height":2835,"caption":"NewsMaker.md"},"image":{"@id":"https:\/\/newsmaker.md\/ro\/#\/schema\/logo\/image\/"},"sameAs":["https:\/\/www.facebook.com\/newsmakermd\/","https:\/\/x.com\/NewsMakerMD","https:\/\/www.instagram.com\/newsmakermd\/","https:\/\/www.youtube.com\/channel\/UCRk7uMJLm68va162_gEmJLA"],"ownershipFundingInfo":"https:\/\/newsmaker.md\/ru\/o-proekte"},{"@type":"Person","@id":"https:\/\/newsmaker.md\/ro\/#\/schema\/person\/aa540f54d9679d44f34a3258b0a5547f","name":"\u041a\u0440\u0438\u0441\u0442\u0438\u043d\u0430 \u0414\u0435\u043c\u0438\u0430\u043d","image":{"@type":"ImageObject","inLanguage":"ro-RO","@id":"https:\/\/newsmaker.md\/ro\/#\/schema\/person\/image\/","url":"https:\/\/secure.gravatar.com\/avatar\/1d93ae8948fefa9e25ba2650da1ab50f?s=96&d=mm&r=g","contentUrl":"https:\/\/secure.gravatar.com\/avatar\/1d93ae8948fefa9e25ba2650da1ab50f?s=96&d=mm&r=g","caption":"\u041a\u0440\u0438\u0441\u0442\u0438\u043d\u0430 \u0414\u0435\u043c\u0438\u0430\u043d"},"url":"https:\/\/newsmaker.md\/ro\/author\/demian"}]}},"_links":{"self":[{"href":"https:\/\/newsmaker.md\/ro\/wp-json\/wp\/v2\/posts\/319722","targetHints":{"allow":["GET"]}}],"collection":[{"href":"https:\/\/newsmaker.md\/ro\/wp-json\/wp\/v2\/posts"}],"about":[{"href":"https:\/\/newsmaker.md\/ro\/wp-json\/wp\/v2\/types\/post"}],"author":[{"embeddable":true,"href":"https:\/\/newsmaker.md\/ro\/wp-json\/wp\/v2\/users\/62"}],"replies":[{"embeddable":true,"href":"https:\/\/newsmaker.md\/ro\/wp-json\/wp\/v2\/comments?post=319722"}],"version-history":[{"count":0,"href":"https:\/\/newsmaker.md\/ro\/wp-json\/wp\/v2\/posts\/319722\/revisions"}],"wp:featuredmedia":[{"embeddable":true,"href":"https:\/\/newsmaker.md\/ro\/wp-json\/wp\/v2\/media\/137011"}],"wp:attachment":[{"href":"https:\/\/newsmaker.md\/ro\/wp-json\/wp\/v2\/media?parent=319722"}],"wp:term":[{"taxonomy":"category","embeddable":true,"href":"https:\/\/newsmaker.md\/ro\/wp-json\/wp\/v2\/categories?post=319722"},{"taxonomy":"post_tag","embeddable":true,"href":"https:\/\/newsmaker.md\/ro\/wp-json\/wp\/v2\/tags?post=319722"},{"taxonomy":"author_tag","embeddable":true,"href":"https:\/\/newsmaker.md\/ro\/wp-json\/wp\/v2\/author_tag?post=319722"}],"curies":[{"name":"wp","href":"https:\/\/api.w.org\/{rel}","templated":true}]}}