{"id":406739,"date":"2021-07-18T09:45:20","date_gmt":"2021-07-18T06:45:20","guid":{"rendered":"https:\/\/newsmaker.md\/?p=406739"},"modified":"2021-07-18T09:45:20","modified_gmt":"2021-07-18T06:45:20","slug":"nuntile-si-cumetriile-permise-insa-cu-un-numar-limitat-de-participanti-noile-restrictii-in-contextul-pandemiei","status":"publish","type":"post","link":"https:\/\/newsmaker.md\/ro\/nuntile-si-cumetriile-permise-insa-cu-un-numar-limitat-de-participanti-noile-restrictii-in-contextul-pandemiei","title":{"rendered":"Nun\u021bile \u0219i cumetriile &#8211; permise, \u00eens\u0103 cu un num\u0103r limitat de participan\u021bi. Noile restric\u021bii \u00een contextul pandemiei"},"content":{"rendered":"<p><strong>Evenimentele festive pot fi organizate \u00een cadrul unit\u0103\u021bilor de alimenta\u021bie public\u0103 doar cu un num\u0103r limitat de participan\u021bi. Mai exact, poate fi ocupat\u0103 cel mult jum\u0103tate de sal\u0103, astfel \u00eenc\u00e2t s\u0103 fie asigurat\u0103 o suprafa\u0163\u0103 de minimum 4 m2 pentru fiecare persoan\u0103. Sunt noile prevederi ale Comisiei Na\u0163ionale Extraordinare de S\u0103n\u0103tate Public\u0103, aprobate \u00een contextul riscului sporit de import al noilor variante ale virusului SARS-CoV-2, precum \u0219i de r\u0103sp\u00e2ndire ale acestora pe teritoriul \u021b\u0103rii. Prevederile vor intra \u00een vigoare \u00eencep\u00e2nd cu data de 19 iulie 2021.\u00a0<\/strong><\/p>\n<p>Se admite desf\u0103\u0219urarea evenimentelor festive cu caracter unic \u00een cadrul unit\u0103\u021bilor de alimenta\u021bie public\u0103, cu ocuparea a cel mult 50% din num\u0103rul de locuri \u00een spa\u021biile \u00eenchise din cadrul unit\u0103\u021bilor. De asemenea, organizatorii vor fi obliga\u021bi s\u0103 \u00eentocmeasc\u0103 lista participan\u021bilor, cu eviden\u021ba epidemiologic\u0103, conform modelului stabilit (nume, prenume, IDNP, num\u0103r de telefon, e-mail, adresa de domiciliu). <strong>Se recomand\u0103 desf\u0103\u0219urarea evenimentelor \u00een spa\u021bii deschise.<\/strong><\/p>\n<p>\u00cen interiorul unit\u0103\u021bilor de alimenta\u021bie public\u0103 de orice tip se va admite <strong>un num\u0103r limitat de persoane, astfel \u00eenc\u00e2t s\u0103 fie asigurat\u0103 o suprafa\u0163\u0103 de minimum 4 m2 pentru fiecare persoan\u0103<\/strong>. Fluxul de persoane va fi dirijat astfel \u00eenc\u00e2t s\u0103 se evite formarea aglomera\u021biilor.<\/p>\n<p>Pe <strong>teritoriul zonelor de agrement se va admite un num\u0103r limitat de persoane<\/strong>, astfel \u00eenc\u00e2t s\u0103 fie asigurat\u0103 o suprafa\u0163\u0103 de minimum 4 m2 pentru fiecare persoan\u0103. Fluxul de persoane va fi dirijat astfel \u00eenc\u00e2t s\u0103 se evite formarea aglomera\u021biilor.<\/p>\n<p><strong>Este obligatorie purtarea m\u0103\u0219tilor de protec\u021bie \u00een toate spa\u021biile publice \u00eenchise, \u00een transportul public \u0219i la sta\u021biile de a\u0219teptar<\/strong>e, inclusiv \u00een spa\u021biile deschise unde nu este posibil\u0103 respectarea distan\u021bei fizice. Masca trebuie s\u0103 acopere at\u00e2t gura, c\u00e2t \u0219i nasul.<\/p>\n<p><a href=\"https:\/\/msmps.gov.md\/wp-content\/uploads\/2021\/07\/1626537269627475.docx\">AICI<\/a> g\u0103si\u021bi Hot\u0103r\u00e2rea Comisiei Na\u021bionale Extraordinare de S\u0103n\u0103tate Public\u0103 din data de 17 iulie 2021.<\/p>\n<p>***<\/p>\n<p>De asemenea, au fost adoptate noi m\u0103suri pentru<a href=\"https:\/\/newsmaker.md\/ro\/reguli-noi-la-intrarea-in-republica-moldova-in-contextul-pandemiei-de-coronavirus\/\" target=\"_blank\" rel=\"noopener\"><strong> trecerea frontierei pe direc\u021bia de intrare \u00een Republica Moldova.<\/strong><\/a><\/p>\n<p>Pentru ultimele 14 zile, inciden\u021ba COVID-19 a constituit 26\u00a0de cazuri la 100.000 persoane. De asemenea, \u00een ultima perioad\u0103, rata fatalit\u0103\u021bii a crescut de la 2 la 3,13 decese din 100 cazuri de \u00eemboln\u0103viri, iar rata de contagiozitate\u00a0\u00a0s-a majorat de la 0,75 \u00een s\u0103pt\u0103m\u00e2na a 21-a din anul curent la 1,05 \u00een s\u0103pt\u0103m\u00e2na a 27-a.<\/p>\n<p>\u00cen Republica Moldova, campania de vaccinare \u00eempotriva COVID-19 a \u00eenceput la data de 2 martie 2021.\u00a0P\u00e2n\u0103 ast\u0103zi, au fost administrate 861.995 doze de vaccin. Astfel, acoperirea vaccinal\u0103 constituie 14,5% cu prima doz\u0103 \u0219i 9,8 % cu ambele doze.<\/p>\n","protected":false},"excerpt":{"rendered":"excerpt","protected":false},"author":65,"featured_media":356091,"comment_status":"open","ping_status":"closed","sticky":false,"template":"","format":"standard","meta":{"_acf_changed":false,"episode_type":"","audio_file":"","cover_image":"","cover_image_id":"","duration":"","filesize":"","date_recorded":"","explicit":"","block":"","filesize_raw":"","footnotes":"","tstyn_error":""},"categories":[127955],"tags":[200935,194876,15773],"author_tag":[23440],"class_list":["post-406739","post","type-post","status-publish","format-standard","has-post-thumbnail","hentry","category-z-coronavirus2020","tag-evenimente-festive","tag-pandemie","tag-top-ro","author_tag-stela-untila-ro"],"acf":[],"yoast_head":"<!-- This site is optimized with the Yoast SEO Premium plugin v24.7 (Yoast SEO v24.7) - https:\/\/yoast.com\/wordpress\/plugins\/seo\/ -->\n<title>Nun\u021bile \u0219i cumetriile - permise, \u00eens\u0103 cu un num\u0103r limitat de participan\u021bi. Noile restric\u021bii \u00een contextul pandemiei - NewsMaker<\/title>\n<meta name=\"robots\" content=\"index, follow, max-snippet:-1, max-image-preview:large, max-video-preview:-1\" \/>\n<meta property=\"og:locale\" content=\"ro_RO\" \/>\n<meta property=\"og:type\" content=\"article\" \/>\n<meta property=\"og:title\" content=\"Nun\u021bile \u0219i cumetriile - permise, \u00eens\u0103 cu un num\u0103r limitat de participan\u021bi. Noile restric\u021bii \u00een contextul pandemiei\" \/>\n<meta property=\"og:description\" content=\"Evenimentele festive pot fi organizate \u00een cadrul unit\u0103\u021bilor de alimenta\u021bie public\u0103 doar cu un num\u0103r limitat de participan\u021bi. Mai exact, poate fi ocupat\u0103 cel mult jum\u0103tate de sal\u0103, astfel \u00eenc\u00e2t s\u0103 fie asigurat\u0103 o suprafa\u0163\u0103 de minimum 4 m2 pentru fiecare persoan\u0103. Sunt noile prevederi ale Comisiei Na\u0163ionale Extraordinare de S\u0103n\u0103tate Public\u0103, aprobate \u00een contextul [&hellip;]\" \/>\n<meta property=\"og:url\" content=\"https:\/\/newsmaker.md\/ro\/nuntile-si-cumetriile-permise-insa-cu-un-numar-limitat-de-participanti-noile-restrictii-in-contextul-pandemiei\" \/>\n<meta property=\"og:site_name\" content=\"NewsMaker\" \/>\n<meta property=\"article:publisher\" content=\"https:\/\/www.facebook.com\/newsmakermd\/\" \/>\n<meta property=\"article:published_time\" content=\"2021-07-18T06:45:20+00:00\" \/>\n<meta property=\"og:image\" content=\"https:\/\/newsmaker.md\/wp-content\/uploads\/2021\/02\/nunta.jpg\" \/>\n\t<meta property=\"og:image:width\" content=\"610\" \/>\n\t<meta property=\"og:image:height\" content=\"460\" \/>\n\t<meta property=\"og:image:type\" content=\"image\/jpeg\" \/>\n<meta name=\"author\" content=\"Stela Untila\" \/>\n<meta name=\"twitter:card\" content=\"summary_large_image\" \/>\n<meta name=\"twitter:creator\" content=\"@NewsMakerMD\" \/>\n<meta name=\"twitter:site\" content=\"@NewsMakerMD\" \/>\n<script type=\"application\/ld+json\" class=\"yoast-schema-graph\">{\"@context\":\"https:\/\/schema.org\",\"@graph\":[{\"@type\":\"Article\",\"@id\":\"https:\/\/newsmaker.md\/ro\/nuntile-si-cumetriile-permise-insa-cu-un-numar-limitat-de-participanti-noile-restrictii-in-contextul-pandemiei#article\",\"isPartOf\":{\"@id\":\"https:\/\/newsmaker.md\/ro\/nuntile-si-cumetriile-permise-insa-cu-un-numar-limitat-de-participanti-noile-restrictii-in-contextul-pandemiei\"},\"author\":{\"name\":\"Stela Untila\",\"@id\":\"https:\/\/newsmaker.md\/ro\/#\/schema\/person\/ec63acf5518d6dc42684c134d546fe60\"},\"headline\":\"Nun\u021bile \u0219i cumetriile &#8211; permise, \u00eens\u0103 cu un num\u0103r limitat de participan\u021bi. Noile restric\u021bii \u00een contextul pandemiei\",\"datePublished\":\"2021-07-18T06:45:20+00:00\",\"mainEntityOfPage\":{\"@id\":\"https:\/\/newsmaker.md\/ro\/nuntile-si-cumetriile-permise-insa-cu-un-numar-limitat-de-participanti-noile-restrictii-in-contextul-pandemiei\"},\"wordCount\":461,\"commentCount\":0,\"publisher\":{\"@id\":\"https:\/\/newsmaker.md\/ro\/#organization\"},\"image\":{\"@id\":\"https:\/\/newsmaker.md\/ro\/nuntile-si-cumetriile-permise-insa-cu-un-numar-limitat-de-participanti-noile-restrictii-in-contextul-pandemiei#primaryimage\"},\"thumbnailUrl\":\"https:\/\/newsmaker.md\/wp-content\/uploads\/2021\/02\/nunta.jpg\",\"keywords\":[\"evenimente festive\",\"pandemie\",\"top\"],\"articleSection\":[\"Pandemia de coronavirus\"],\"inLanguage\":\"ro-RO\",\"potentialAction\":[{\"@type\":\"CommentAction\",\"name\":\"Comment\",\"target\":[\"https:\/\/newsmaker.md\/ro\/nuntile-si-cumetriile-permise-insa-cu-un-numar-limitat-de-participanti-noile-restrictii-in-contextul-pandemiei#respond\"]}],\"copyrightYear\":\"2021\",\"copyrightHolder\":{\"@id\":\"https:\/\/newsmaker.md\/#organization\"}},{\"@type\":\"WebPage\",\"@id\":\"https:\/\/newsmaker.md\/ro\/nuntile-si-cumetriile-permise-insa-cu-un-numar-limitat-de-participanti-noile-restrictii-in-contextul-pandemiei\",\"url\":\"https:\/\/newsmaker.md\/ro\/nuntile-si-cumetriile-permise-insa-cu-un-numar-limitat-de-participanti-noile-restrictii-in-contextul-pandemiei\",\"name\":\"Nun\u021bile \u0219i cumetriile - permise, \u00eens\u0103 cu un num\u0103r limitat de participan\u021bi. Noile restric\u021bii \u00een contextul pandemiei - NewsMaker\",\"isPartOf\":{\"@id\":\"https:\/\/newsmaker.md\/ro\/#website\"},\"primaryImageOfPage\":{\"@id\":\"https:\/\/newsmaker.md\/ro\/nuntile-si-cumetriile-permise-insa-cu-un-numar-limitat-de-participanti-noile-restrictii-in-contextul-pandemiei#primaryimage\"},\"image\":{\"@id\":\"https:\/\/newsmaker.md\/ro\/nuntile-si-cumetriile-permise-insa-cu-un-numar-limitat-de-participanti-noile-restrictii-in-contextul-pandemiei#primaryimage\"},\"thumbnailUrl\":\"https:\/\/newsmaker.md\/wp-content\/uploads\/2021\/02\/nunta.jpg\",\"datePublished\":\"2021-07-18T06:45:20+00:00\",\"breadcrumb\":{\"@id\":\"https:\/\/newsmaker.md\/ro\/nuntile-si-cumetriile-permise-insa-cu-un-numar-limitat-de-participanti-noile-restrictii-in-contextul-pandemiei#breadcrumb\"},\"inLanguage\":\"ro-RO\",\"potentialAction\":[{\"@type\":\"ReadAction\",\"target\":[\"https:\/\/newsmaker.md\/ro\/nuntile-si-cumetriile-permise-insa-cu-un-numar-limitat-de-participanti-noile-restrictii-in-contextul-pandemiei\"]}]},{\"@type\":\"ImageObject\",\"inLanguage\":\"ro-RO\",\"@id\":\"https:\/\/newsmaker.md\/ro\/nuntile-si-cumetriile-permise-insa-cu-un-numar-limitat-de-participanti-noile-restrictii-in-contextul-pandemiei#primaryimage\",\"url\":\"https:\/\/newsmaker.md\/wp-content\/uploads\/2021\/02\/nunta.jpg\",\"contentUrl\":\"https:\/\/newsmaker.md\/wp-content\/uploads\/2021\/02\/nunta.jpg\",\"width\":610,\"height\":460},{\"@type\":\"BreadcrumbList\",\"@id\":\"https:\/\/newsmaker.md\/ro\/nuntile-si-cumetriile-permise-insa-cu-un-numar-limitat-de-participanti-noile-restrictii-in-contextul-pandemiei#breadcrumb\",\"itemListElement\":[{\"@type\":\"ListItem\",\"position\":1,\"name\":\"Home\",\"item\":\"https:\/\/newsmaker.md\/ro\"},{\"@type\":\"ListItem\",\"position\":2,\"name\":\"Nun\u021bile \u0219i cumetriile &#8212; permise, \u00eens\u0103 cu un num\u0103r limitat de participan\u021bi. Noile restric\u021bii \u00een contextul pandemiei\"}]},{\"@type\":\"WebSite\",\"@id\":\"https:\/\/newsmaker.md\/ro\/#website\",\"url\":\"https:\/\/newsmaker.md\/ro\/\",\"name\":\"NewsMaker.md\",\"description\":\"\u0422\u043e\u043b\u044c\u043a\u043e \u0441\u0430\u043c\u044b\u0435 \u0432\u0430\u0436\u043d\u044b\u0435 \u043d\u043e\u0432\u043e\u0441\u0442\u0438 \u041c\u043e\u043b\u0434\u043e\u0432\u044b \u0438 \u043c\u0438\u0440\u0430\",\"publisher\":{\"@id\":\"https:\/\/newsmaker.md\/ro\/#organization\"},\"potentialAction\":[{\"@type\":\"SearchAction\",\"target\":{\"@type\":\"EntryPoint\",\"urlTemplate\":\"https:\/\/newsmaker.md\/ro\/?s={search_term_string}\"},\"query-input\":{\"@type\":\"PropertyValueSpecification\",\"valueRequired\":true,\"valueName\":\"search_term_string\"}}],\"inLanguage\":\"ro-RO\"},{\"@type\":\"Organization\",\"@id\":\"https:\/\/newsmaker.md\/ro\/#organization\",\"name\":\"NewsMaker.md\",\"url\":\"https:\/\/newsmaker.md\/ro\/\",\"logo\":{\"@type\":\"ImageObject\",\"inLanguage\":\"ro-RO\",\"@id\":\"https:\/\/newsmaker.md\/ro\/#\/schema\/logo\/image\/\",\"url\":\"https:\/\/newsmaker.md\/wp-content\/uploads\/2019\/01\/logo_square.jpg\",\"contentUrl\":\"https:\/\/newsmaker.md\/wp-content\/uploads\/2019\/01\/logo_square.jpg\",\"width\":2835,\"height\":2835,\"caption\":\"NewsMaker.md\"},\"image\":{\"@id\":\"https:\/\/newsmaker.md\/ro\/#\/schema\/logo\/image\/\"},\"sameAs\":[\"https:\/\/www.facebook.com\/newsmakermd\/\",\"https:\/\/x.com\/NewsMakerMD\",\"https:\/\/www.instagram.com\/newsmakermd\/\",\"https:\/\/www.youtube.com\/channel\/UCRk7uMJLm68va162_gEmJLA\"],\"ownershipFundingInfo\":\"https:\/\/newsmaker.md\/ru\/o-proekte\"},{\"@type\":\"Person\",\"@id\":\"https:\/\/newsmaker.md\/ro\/#\/schema\/person\/ec63acf5518d6dc42684c134d546fe60\",\"name\":\"Stela Untila\",\"image\":{\"@type\":\"ImageObject\",\"inLanguage\":\"ro-RO\",\"@id\":\"https:\/\/newsmaker.md\/ro\/#\/schema\/person\/image\/\",\"url\":\"https:\/\/secure.gravatar.com\/avatar\/a07a50e42119c28feb934062bb482760?s=96&d=mm&r=g\",\"contentUrl\":\"https:\/\/secure.gravatar.com\/avatar\/a07a50e42119c28feb934062bb482760?s=96&d=mm&r=g\",\"caption\":\"Stela Untila\"},\"url\":\"https:\/\/newsmaker.md\/ro\/author\/untila\"}]}<\/script>\n<!-- \/ Yoast SEO Premium plugin. -->","yoast_head_json":{"title":"Nun\u021bile \u0219i cumetriile - permise, \u00eens\u0103 cu un num\u0103r limitat de participan\u021bi. Noile restric\u021bii \u00een contextul pandemiei - NewsMaker","robots":{"index":"index","follow":"follow","max-snippet":"max-snippet:-1","max-image-preview":"max-image-preview:large","max-video-preview":"max-video-preview:-1"},"og_locale":"ro_RO","og_type":"article","og_title":"Nun\u021bile \u0219i cumetriile - permise, \u00eens\u0103 cu un num\u0103r limitat de participan\u021bi. Noile restric\u021bii \u00een contextul pandemiei","og_description":"Evenimentele festive pot fi organizate \u00een cadrul unit\u0103\u021bilor de alimenta\u021bie public\u0103 doar cu un num\u0103r limitat de participan\u021bi. Mai exact, poate fi ocupat\u0103 cel mult jum\u0103tate de sal\u0103, astfel \u00eenc\u00e2t s\u0103 fie asigurat\u0103 o suprafa\u0163\u0103 de minimum 4 m2 pentru fiecare persoan\u0103. Sunt noile prevederi ale Comisiei Na\u0163ionale Extraordinare de S\u0103n\u0103tate Public\u0103, aprobate \u00een contextul [&hellip;]","og_url":"https:\/\/newsmaker.md\/ro\/nuntile-si-cumetriile-permise-insa-cu-un-numar-limitat-de-participanti-noile-restrictii-in-contextul-pandemiei","og_site_name":"NewsMaker","article_publisher":"https:\/\/www.facebook.com\/newsmakermd\/","article_published_time":"2021-07-18T06:45:20+00:00","og_image":[{"width":610,"height":460,"url":"https:\/\/newsmaker.md\/wp-content\/uploads\/2021\/02\/nunta.jpg","type":"image\/jpeg"}],"author":"Stela Untila","twitter_card":"summary_large_image","twitter_creator":"@NewsMakerMD","twitter_site":"@NewsMakerMD","schema":{"@context":"https:\/\/schema.org","@graph":[{"@type":"Article","@id":"https:\/\/newsmaker.md\/ro\/nuntile-si-cumetriile-permise-insa-cu-un-numar-limitat-de-participanti-noile-restrictii-in-contextul-pandemiei#article","isPartOf":{"@id":"https:\/\/newsmaker.md\/ro\/nuntile-si-cumetriile-permise-insa-cu-un-numar-limitat-de-participanti-noile-restrictii-in-contextul-pandemiei"},"author":{"name":"Stela Untila","@id":"https:\/\/newsmaker.md\/ro\/#\/schema\/person\/ec63acf5518d6dc42684c134d546fe60"},"headline":"Nun\u021bile \u0219i cumetriile &#8211; permise, \u00eens\u0103 cu un num\u0103r limitat de participan\u021bi. Noile restric\u021bii \u00een contextul pandemiei","datePublished":"2021-07-18T06:45:20+00:00","mainEntityOfPage":{"@id":"https:\/\/newsmaker.md\/ro\/nuntile-si-cumetriile-permise-insa-cu-un-numar-limitat-de-participanti-noile-restrictii-in-contextul-pandemiei"},"wordCount":461,"commentCount":0,"publisher":{"@id":"https:\/\/newsmaker.md\/ro\/#organization"},"image":{"@id":"https:\/\/newsmaker.md\/ro\/nuntile-si-cumetriile-permise-insa-cu-un-numar-limitat-de-participanti-noile-restrictii-in-contextul-pandemiei#primaryimage"},"thumbnailUrl":"https:\/\/newsmaker.md\/wp-content\/uploads\/2021\/02\/nunta.jpg","keywords":["evenimente festive","pandemie","top"],"articleSection":["Pandemia de coronavirus"],"inLanguage":"ro-RO","potentialAction":[{"@type":"CommentAction","name":"Comment","target":["https:\/\/newsmaker.md\/ro\/nuntile-si-cumetriile-permise-insa-cu-un-numar-limitat-de-participanti-noile-restrictii-in-contextul-pandemiei#respond"]}],"copyrightYear":"2021","copyrightHolder":{"@id":"https:\/\/newsmaker.md\/#organization"}},{"@type":"WebPage","@id":"https:\/\/newsmaker.md\/ro\/nuntile-si-cumetriile-permise-insa-cu-un-numar-limitat-de-participanti-noile-restrictii-in-contextul-pandemiei","url":"https:\/\/newsmaker.md\/ro\/nuntile-si-cumetriile-permise-insa-cu-un-numar-limitat-de-participanti-noile-restrictii-in-contextul-pandemiei","name":"Nun\u021bile \u0219i cumetriile - permise, \u00eens\u0103 cu un num\u0103r limitat de participan\u021bi. Noile restric\u021bii \u00een contextul pandemiei - NewsMaker","isPartOf":{"@id":"https:\/\/newsmaker.md\/ro\/#website"},"primaryImageOfPage":{"@id":"https:\/\/newsmaker.md\/ro\/nuntile-si-cumetriile-permise-insa-cu-un-numar-limitat-de-participanti-noile-restrictii-in-contextul-pandemiei#primaryimage"},"image":{"@id":"https:\/\/newsmaker.md\/ro\/nuntile-si-cumetriile-permise-insa-cu-un-numar-limitat-de-participanti-noile-restrictii-in-contextul-pandemiei#primaryimage"},"thumbnailUrl":"https:\/\/newsmaker.md\/wp-content\/uploads\/2021\/02\/nunta.jpg","datePublished":"2021-07-18T06:45:20+00:00","breadcrumb":{"@id":"https:\/\/newsmaker.md\/ro\/nuntile-si-cumetriile-permise-insa-cu-un-numar-limitat-de-participanti-noile-restrictii-in-contextul-pandemiei#breadcrumb"},"inLanguage":"ro-RO","potentialAction":[{"@type":"ReadAction","target":["https:\/\/newsmaker.md\/ro\/nuntile-si-cumetriile-permise-insa-cu-un-numar-limitat-de-participanti-noile-restrictii-in-contextul-pandemiei"]}]},{"@type":"ImageObject","inLanguage":"ro-RO","@id":"https:\/\/newsmaker.md\/ro\/nuntile-si-cumetriile-permise-insa-cu-un-numar-limitat-de-participanti-noile-restrictii-in-contextul-pandemiei#primaryimage","url":"https:\/\/newsmaker.md\/wp-content\/uploads\/2021\/02\/nunta.jpg","contentUrl":"https:\/\/newsmaker.md\/wp-content\/uploads\/2021\/02\/nunta.jpg","width":610,"height":460},{"@type":"BreadcrumbList","@id":"https:\/\/newsmaker.md\/ro\/nuntile-si-cumetriile-permise-insa-cu-un-numar-limitat-de-participanti-noile-restrictii-in-contextul-pandemiei#breadcrumb","itemListElement":[{"@type":"ListItem","position":1,"name":"Home","item":"https:\/\/newsmaker.md\/ro"},{"@type":"ListItem","position":2,"name":"Nun\u021bile \u0219i cumetriile &#8212; permise, \u00eens\u0103 cu un num\u0103r limitat de participan\u021bi. Noile restric\u021bii \u00een contextul pandemiei"}]},{"@type":"WebSite","@id":"https:\/\/newsmaker.md\/ro\/#website","url":"https:\/\/newsmaker.md\/ro\/","name":"NewsMaker.md","description":"\u0422\u043e\u043b\u044c\u043a\u043e \u0441\u0430\u043c\u044b\u0435 \u0432\u0430\u0436\u043d\u044b\u0435 \u043d\u043e\u0432\u043e\u0441\u0442\u0438 \u041c\u043e\u043b\u0434\u043e\u0432\u044b \u0438 \u043c\u0438\u0440\u0430","publisher":{"@id":"https:\/\/newsmaker.md\/ro\/#organization"},"potentialAction":[{"@type":"SearchAction","target":{"@type":"EntryPoint","urlTemplate":"https:\/\/newsmaker.md\/ro\/?s={search_term_string}"},"query-input":{"@type":"PropertyValueSpecification","valueRequired":true,"valueName":"search_term_string"}}],"inLanguage":"ro-RO"},{"@type":"Organization","@id":"https:\/\/newsmaker.md\/ro\/#organization","name":"NewsMaker.md","url":"https:\/\/newsmaker.md\/ro\/","logo":{"@type":"ImageObject","inLanguage":"ro-RO","@id":"https:\/\/newsmaker.md\/ro\/#\/schema\/logo\/image\/","url":"https:\/\/newsmaker.md\/wp-content\/uploads\/2019\/01\/logo_square.jpg","contentUrl":"https:\/\/newsmaker.md\/wp-content\/uploads\/2019\/01\/logo_square.jpg","width":2835,"height":2835,"caption":"NewsMaker.md"},"image":{"@id":"https:\/\/newsmaker.md\/ro\/#\/schema\/logo\/image\/"},"sameAs":["https:\/\/www.facebook.com\/newsmakermd\/","https:\/\/x.com\/NewsMakerMD","https:\/\/www.instagram.com\/newsmakermd\/","https:\/\/www.youtube.com\/channel\/UCRk7uMJLm68va162_gEmJLA"],"ownershipFundingInfo":"https:\/\/newsmaker.md\/ru\/o-proekte"},{"@type":"Person","@id":"https:\/\/newsmaker.md\/ro\/#\/schema\/person\/ec63acf5518d6dc42684c134d546fe60","name":"Stela Untila","image":{"@type":"ImageObject","inLanguage":"ro-RO","@id":"https:\/\/newsmaker.md\/ro\/#\/schema\/person\/image\/","url":"https:\/\/secure.gravatar.com\/avatar\/a07a50e42119c28feb934062bb482760?s=96&d=mm&r=g","contentUrl":"https:\/\/secure.gravatar.com\/avatar\/a07a50e42119c28feb934062bb482760?s=96&d=mm&r=g","caption":"Stela Untila"},"url":"https:\/\/newsmaker.md\/ro\/author\/untila"}]}},"_links":{"self":[{"href":"https:\/\/newsmaker.md\/ro\/wp-json\/wp\/v2\/posts\/406739","targetHints":{"allow":["GET"]}}],"collection":[{"href":"https:\/\/newsmaker.md\/ro\/wp-json\/wp\/v2\/posts"}],"about":[{"href":"https:\/\/newsmaker.md\/ro\/wp-json\/wp\/v2\/types\/post"}],"author":[{"embeddable":true,"href":"https:\/\/newsmaker.md\/ro\/wp-json\/wp\/v2\/users\/65"}],"replies":[{"embeddable":true,"href":"https:\/\/newsmaker.md\/ro\/wp-json\/wp\/v2\/comments?post=406739"}],"version-history":[{"count":0,"href":"https:\/\/newsmaker.md\/ro\/wp-json\/wp\/v2\/posts\/406739\/revisions"}],"wp:featuredmedia":[{"embeddable":true,"href":"https:\/\/newsmaker.md\/ro\/wp-json\/wp\/v2\/media\/356091"}],"wp:attachment":[{"href":"https:\/\/newsmaker.md\/ro\/wp-json\/wp\/v2\/media?parent=406739"}],"wp:term":[{"taxonomy":"category","embeddable":true,"href":"https:\/\/newsmaker.md\/ro\/wp-json\/wp\/v2\/categories?post=406739"},{"taxonomy":"post_tag","embeddable":true,"href":"https:\/\/newsmaker.md\/ro\/wp-json\/wp\/v2\/tags?post=406739"},{"taxonomy":"author_tag","embeddable":true,"href":"https:\/\/newsmaker.md\/ro\/wp-json\/wp\/v2\/author_tag?post=406739"}],"curies":[{"name":"wp","href":"https:\/\/api.w.org\/{rel}","templated":true}]}}