{"id":467025,"date":"2022-01-08T12:42:44","date_gmt":"2022-01-08T10:42:44","guid":{"rendered":"https:\/\/newsmaker.md\/?p=467025"},"modified":"2022-01-08T13:22:56","modified_gmt":"2022-01-08T11:22:56","slug":"barbatul-distrugea-tot-ce-iesea-in-cale-doua-persoane-aflate-intr-un-local-public-din-giurgiulesti-amenintate-cu-un-topor","status":"publish","type":"post","link":"https:\/\/newsmaker.md\/ro\/barbatul-distrugea-tot-ce-iesea-in-cale-doua-persoane-aflate-intr-un-local-public-din-giurgiulesti-amenintate-cu-un-topor","title":{"rendered":"Dou\u0103 persoane aflate \u00eentr-un local public din Giurgiule\u0219ti, amenin\u021bate cu un topor. Cine este agresorul?"},"content":{"rendered":"<p><strong>Un locuitor al satului Giurgiule\u0219ti, vizibil \u00een stare de ebrietate \u0219i sub influen\u021ba drogurilor, a fost imobilizat de poli\u021bi\u0219tii de frontier\u0103 \u00een timp ce acesta amenin\u021ba clien\u021bii unui local public, anun\u021b\u0103 Inspectoratul General al Poli\u021biei de Frontier\u0103 (IGPF), pe 8 ianuarie.<\/strong><\/p>\n<p>\u201e\u00cen dup\u0103 amiaza zilei de ieri, 7 ianuarie 2022, b\u0103rbatul echipat cu un topor a fost surprins cum distrugea cu agresivitate tot ce ie\u0219ea \u00een cale. \u00cen cele din urm\u0103, acesta a intrat \u00eentr-un local public din proximitatea punctului de trecere a frontierei Giurgiule\u0219ti-Gala\u021bi, unde a amenin\u021bat cu via\u021ba dou\u0103 persoane\u201d, men\u021bioneaz\u0103 \u00eentr-un comunicat IGPF.<\/p>\n<p>\u00centre timp, poli\u021bistul de frontier\u0103 aflat la barier\u0103 a anun\u021bat despre cele v\u0103zute \u0219i la fa\u021ba locului, operativ s-a apropiat grupa de interven\u021bie din cadrul Sectorului Poli\u021biei de Frontier\u0103 Giurgiule\u0219ti. Cet\u0103\u021beanul agresiv a fost imobilizat \u0219i re\u021binut la sediul Sectorului, p\u00e2n\u0103 la venirea reprezentan\u021bilor de la Inspectoratul de Poli\u021bie Cahul.<\/p>\n<p>La audierea acestuia, b\u0103rbatul se comporta inadecvat \u0219i detalii despre identitatea acestuia nu a fost posibil de efectuat. Verific\u0103rile ulterioare au scos la iveal\u0103 c\u0103 de fapt este un cons\u0103tean din Giurgiule\u0219ti \u00een v\u00e2rsta de 39 de ani.<\/p>\n<p>Conform procedurilor legale, persoana a fost preluat\u0103 de c\u0103tre IP Cahul pentru cercet\u0103ri \u00a0\u0219i atragerea la r\u0103spundere pentru fapta sa.<\/p>\n","protected":false},"excerpt":{"rendered":"excerpt","protected":false},"author":75,"featured_media":467028,"comment_status":"open","ping_status":"closed","sticky":false,"template":"","format":"standard","meta":{"_acf_changed":false,"episode_type":"","audio_file":"","cover_image":"","cover_image_id":"","duration":"","filesize":"","date_recorded":"","explicit":"","block":"","filesize_raw":"","footnotes":"","tstyn_error":""},"categories":[15614],"tags":[206347,167897,15773,211299],"author_tag":[208935],"class_list":["post-467025","post","type-post","status-publish","format-standard","has-post-thumbnail","hentry","category-life-ro","tag-amenintare","tag-giurgiulesti","tag-top-ro","tag-topor","author_tag-viorica-rusu"],"acf":[],"yoast_head":"<!-- This site is optimized with the Yoast SEO Premium plugin v24.7 (Yoast SEO v24.7) - https:\/\/yoast.com\/wordpress\/plugins\/seo\/ -->\n<title>Dou\u0103 persoane aflate \u00eentr-un local public din Giurgiule\u0219ti, amenin\u021bate cu un topor. Cine este agresorul? - NewsMaker<\/title>\n<meta name=\"robots\" content=\"index, follow, max-snippet:-1, max-image-preview:large, max-video-preview:-1\" \/>\n<meta property=\"og:locale\" content=\"ro_RO\" \/>\n<meta property=\"og:type\" content=\"article\" \/>\n<meta property=\"og:title\" content=\"Dou\u0103 persoane aflate \u00eentr-un local public din Giurgiule\u0219ti, amenin\u021bate cu un topor. Cine este agresorul?\" \/>\n<meta property=\"og:description\" content=\"Un locuitor al satului Giurgiule\u0219ti, vizibil \u00een stare de ebrietate \u0219i sub influen\u021ba drogurilor, a fost imobilizat de poli\u021bi\u0219tii de frontier\u0103 \u00een timp ce acesta amenin\u021ba clien\u021bii unui local public, anun\u021b\u0103 Inspectoratul General al Poli\u021biei de Frontier\u0103 (IGPF), pe 8 ianuarie. \u201e\u00cen dup\u0103 amiaza zilei de ieri, 7 ianuarie 2022, b\u0103rbatul echipat cu un topor [&hellip;]\" \/>\n<meta property=\"og:url\" content=\"https:\/\/newsmaker.md\/ro\/barbatul-distrugea-tot-ce-iesea-in-cale-doua-persoane-aflate-intr-un-local-public-din-giurgiulesti-amenintate-cu-un-topor\" \/>\n<meta property=\"og:site_name\" content=\"NewsMaker\" \/>\n<meta property=\"article:publisher\" content=\"https:\/\/www.facebook.com\/newsmakermd\/\" \/>\n<meta property=\"article:published_time\" content=\"2022-01-08T10:42:44+00:00\" \/>\n<meta property=\"article:modified_time\" content=\"2022-01-08T11:22:56+00:00\" \/>\n<meta property=\"og:image\" content=\"https:\/\/newsmaker.md\/wp-content\/uploads\/2022\/01\/barbat.jpg\" \/>\n\t<meta property=\"og:image:width\" content=\"408\" \/>\n\t<meta property=\"og:image:height\" content=\"284\" \/>\n\t<meta property=\"og:image:type\" content=\"image\/jpeg\" \/>\n<meta name=\"author\" content=\"Viorica Rusica\" \/>\n<meta name=\"twitter:card\" content=\"summary_large_image\" \/>\n<meta name=\"twitter:creator\" content=\"@NewsMakerMD\" \/>\n<meta name=\"twitter:site\" content=\"@NewsMakerMD\" \/>\n<script type=\"application\/ld+json\" class=\"yoast-schema-graph\">{\"@context\":\"https:\/\/schema.org\",\"@graph\":[{\"@type\":\"Article\",\"@id\":\"https:\/\/newsmaker.md\/ro\/barbatul-distrugea-tot-ce-iesea-in-cale-doua-persoane-aflate-intr-un-local-public-din-giurgiulesti-amenintate-cu-un-topor#article\",\"isPartOf\":{\"@id\":\"https:\/\/newsmaker.md\/ro\/barbatul-distrugea-tot-ce-iesea-in-cale-doua-persoane-aflate-intr-un-local-public-din-giurgiulesti-amenintate-cu-un-topor\"},\"author\":{\"name\":\"Viorica Rusica\",\"@id\":\"https:\/\/newsmaker.md\/ro\/#\/schema\/person\/40866395965f78e07a77735687c3aaf2\"},\"headline\":\"Dou\u0103 persoane aflate \u00eentr-un local public din Giurgiule\u0219ti, amenin\u021bate cu un topor. Cine este agresorul?\",\"datePublished\":\"2022-01-08T10:42:44+00:00\",\"dateModified\":\"2022-01-08T11:22:56+00:00\",\"mainEntityOfPage\":{\"@id\":\"https:\/\/newsmaker.md\/ro\/barbatul-distrugea-tot-ce-iesea-in-cale-doua-persoane-aflate-intr-un-local-public-din-giurgiulesti-amenintate-cu-un-topor\"},\"wordCount\":251,\"commentCount\":0,\"publisher\":{\"@id\":\"https:\/\/newsmaker.md\/ro\/#organization\"},\"image\":{\"@id\":\"https:\/\/newsmaker.md\/ro\/barbatul-distrugea-tot-ce-iesea-in-cale-doua-persoane-aflate-intr-un-local-public-din-giurgiulesti-amenintate-cu-un-topor#primaryimage\"},\"thumbnailUrl\":\"https:\/\/newsmaker.md\/wp-content\/uploads\/2022\/01\/barbat.jpg\",\"keywords\":[\"amenin\u021bare\",\"Giurgiule\u0219ti\",\"top\",\"topor\"],\"articleSection\":[\"Via\u021b\u0103\"],\"inLanguage\":\"ro-RO\",\"potentialAction\":[{\"@type\":\"CommentAction\",\"name\":\"Comment\",\"target\":[\"https:\/\/newsmaker.md\/ro\/barbatul-distrugea-tot-ce-iesea-in-cale-doua-persoane-aflate-intr-un-local-public-din-giurgiulesti-amenintate-cu-un-topor#respond\"]}],\"copyrightYear\":\"2022\",\"copyrightHolder\":{\"@id\":\"https:\/\/newsmaker.md\/#organization\"}},{\"@type\":\"WebPage\",\"@id\":\"https:\/\/newsmaker.md\/ro\/barbatul-distrugea-tot-ce-iesea-in-cale-doua-persoane-aflate-intr-un-local-public-din-giurgiulesti-amenintate-cu-un-topor\",\"url\":\"https:\/\/newsmaker.md\/ro\/barbatul-distrugea-tot-ce-iesea-in-cale-doua-persoane-aflate-intr-un-local-public-din-giurgiulesti-amenintate-cu-un-topor\",\"name\":\"Dou\u0103 persoane aflate \u00eentr-un local public din Giurgiule\u0219ti, amenin\u021bate cu un topor. Cine este agresorul? - NewsMaker\",\"isPartOf\":{\"@id\":\"https:\/\/newsmaker.md\/ro\/#website\"},\"primaryImageOfPage\":{\"@id\":\"https:\/\/newsmaker.md\/ro\/barbatul-distrugea-tot-ce-iesea-in-cale-doua-persoane-aflate-intr-un-local-public-din-giurgiulesti-amenintate-cu-un-topor#primaryimage\"},\"image\":{\"@id\":\"https:\/\/newsmaker.md\/ro\/barbatul-distrugea-tot-ce-iesea-in-cale-doua-persoane-aflate-intr-un-local-public-din-giurgiulesti-amenintate-cu-un-topor#primaryimage\"},\"thumbnailUrl\":\"https:\/\/newsmaker.md\/wp-content\/uploads\/2022\/01\/barbat.jpg\",\"datePublished\":\"2022-01-08T10:42:44+00:00\",\"dateModified\":\"2022-01-08T11:22:56+00:00\",\"breadcrumb\":{\"@id\":\"https:\/\/newsmaker.md\/ro\/barbatul-distrugea-tot-ce-iesea-in-cale-doua-persoane-aflate-intr-un-local-public-din-giurgiulesti-amenintate-cu-un-topor#breadcrumb\"},\"inLanguage\":\"ro-RO\",\"potentialAction\":[{\"@type\":\"ReadAction\",\"target\":[\"https:\/\/newsmaker.md\/ro\/barbatul-distrugea-tot-ce-iesea-in-cale-doua-persoane-aflate-intr-un-local-public-din-giurgiulesti-amenintate-cu-un-topor\"]}]},{\"@type\":\"ImageObject\",\"inLanguage\":\"ro-RO\",\"@id\":\"https:\/\/newsmaker.md\/ro\/barbatul-distrugea-tot-ce-iesea-in-cale-doua-persoane-aflate-intr-un-local-public-din-giurgiulesti-amenintate-cu-un-topor#primaryimage\",\"url\":\"https:\/\/newsmaker.md\/wp-content\/uploads\/2022\/01\/barbat.jpg\",\"contentUrl\":\"https:\/\/newsmaker.md\/wp-content\/uploads\/2022\/01\/barbat.jpg\",\"width\":408,\"height\":284,\"caption\":\"border.gov.md\"},{\"@type\":\"BreadcrumbList\",\"@id\":\"https:\/\/newsmaker.md\/ro\/barbatul-distrugea-tot-ce-iesea-in-cale-doua-persoane-aflate-intr-un-local-public-din-giurgiulesti-amenintate-cu-un-topor#breadcrumb\",\"itemListElement\":[{\"@type\":\"ListItem\",\"position\":1,\"name\":\"Home\",\"item\":\"https:\/\/newsmaker.md\/ro\"},{\"@type\":\"ListItem\",\"position\":2,\"name\":\"Dou\u0103 persoane aflate \u00eentr-un local public din Giurgiule\u0219ti, amenin\u021bate cu un topor. Cine este agresorul?\"}]},{\"@type\":\"WebSite\",\"@id\":\"https:\/\/newsmaker.md\/ro\/#website\",\"url\":\"https:\/\/newsmaker.md\/ro\/\",\"name\":\"NewsMaker.md\",\"description\":\"\u0422\u043e\u043b\u044c\u043a\u043e \u0441\u0430\u043c\u044b\u0435 \u0432\u0430\u0436\u043d\u044b\u0435 \u043d\u043e\u0432\u043e\u0441\u0442\u0438 \u041c\u043e\u043b\u0434\u043e\u0432\u044b \u0438 \u043c\u0438\u0440\u0430\",\"publisher\":{\"@id\":\"https:\/\/newsmaker.md\/ro\/#organization\"},\"potentialAction\":[{\"@type\":\"SearchAction\",\"target\":{\"@type\":\"EntryPoint\",\"urlTemplate\":\"https:\/\/newsmaker.md\/ro\/?s={search_term_string}\"},\"query-input\":{\"@type\":\"PropertyValueSpecification\",\"valueRequired\":true,\"valueName\":\"search_term_string\"}}],\"inLanguage\":\"ro-RO\"},{\"@type\":\"Organization\",\"@id\":\"https:\/\/newsmaker.md\/ro\/#organization\",\"name\":\"NewsMaker.md\",\"url\":\"https:\/\/newsmaker.md\/ro\/\",\"logo\":{\"@type\":\"ImageObject\",\"inLanguage\":\"ro-RO\",\"@id\":\"https:\/\/newsmaker.md\/ro\/#\/schema\/logo\/image\/\",\"url\":\"https:\/\/newsmaker.md\/wp-content\/uploads\/2019\/01\/logo_square.jpg\",\"contentUrl\":\"https:\/\/newsmaker.md\/wp-content\/uploads\/2019\/01\/logo_square.jpg\",\"width\":2835,\"height\":2835,\"caption\":\"NewsMaker.md\"},\"image\":{\"@id\":\"https:\/\/newsmaker.md\/ro\/#\/schema\/logo\/image\/\"},\"sameAs\":[\"https:\/\/www.facebook.com\/newsmakermd\/\",\"https:\/\/x.com\/NewsMakerMD\",\"https:\/\/www.instagram.com\/newsmakermd\/\",\"https:\/\/www.youtube.com\/channel\/UCRk7uMJLm68va162_gEmJLA\"],\"ownershipFundingInfo\":\"https:\/\/newsmaker.md\/ru\/o-proekte\"},{\"@type\":\"Person\",\"@id\":\"https:\/\/newsmaker.md\/ro\/#\/schema\/person\/40866395965f78e07a77735687c3aaf2\",\"name\":\"Viorica Rusica\",\"image\":{\"@type\":\"ImageObject\",\"inLanguage\":\"ro-RO\",\"@id\":\"https:\/\/newsmaker.md\/ro\/#\/schema\/person\/image\/\",\"url\":\"https:\/\/secure.gravatar.com\/avatar\/22eb933410e3780ea70c346c61339175?s=96&d=mm&r=g\",\"contentUrl\":\"https:\/\/secure.gravatar.com\/avatar\/22eb933410e3780ea70c346c61339175?s=96&d=mm&r=g\",\"caption\":\"Viorica Rusica\"},\"url\":\"https:\/\/newsmaker.md\/ro\/author\/rusica\"}]}<\/script>\n<!-- \/ Yoast SEO Premium plugin. -->","yoast_head_json":{"title":"Dou\u0103 persoane aflate \u00eentr-un local public din Giurgiule\u0219ti, amenin\u021bate cu un topor. Cine este agresorul? - NewsMaker","robots":{"index":"index","follow":"follow","max-snippet":"max-snippet:-1","max-image-preview":"max-image-preview:large","max-video-preview":"max-video-preview:-1"},"og_locale":"ro_RO","og_type":"article","og_title":"Dou\u0103 persoane aflate \u00eentr-un local public din Giurgiule\u0219ti, amenin\u021bate cu un topor. Cine este agresorul?","og_description":"Un locuitor al satului Giurgiule\u0219ti, vizibil \u00een stare de ebrietate \u0219i sub influen\u021ba drogurilor, a fost imobilizat de poli\u021bi\u0219tii de frontier\u0103 \u00een timp ce acesta amenin\u021ba clien\u021bii unui local public, anun\u021b\u0103 Inspectoratul General al Poli\u021biei de Frontier\u0103 (IGPF), pe 8 ianuarie. \u201e\u00cen dup\u0103 amiaza zilei de ieri, 7 ianuarie 2022, b\u0103rbatul echipat cu un topor [&hellip;]","og_url":"https:\/\/newsmaker.md\/ro\/barbatul-distrugea-tot-ce-iesea-in-cale-doua-persoane-aflate-intr-un-local-public-din-giurgiulesti-amenintate-cu-un-topor","og_site_name":"NewsMaker","article_publisher":"https:\/\/www.facebook.com\/newsmakermd\/","article_published_time":"2022-01-08T10:42:44+00:00","article_modified_time":"2022-01-08T11:22:56+00:00","og_image":[{"width":408,"height":284,"url":"https:\/\/newsmaker.md\/wp-content\/uploads\/2022\/01\/barbat.jpg","type":"image\/jpeg"}],"author":"Viorica Rusica","twitter_card":"summary_large_image","twitter_creator":"@NewsMakerMD","twitter_site":"@NewsMakerMD","schema":{"@context":"https:\/\/schema.org","@graph":[{"@type":"Article","@id":"https:\/\/newsmaker.md\/ro\/barbatul-distrugea-tot-ce-iesea-in-cale-doua-persoane-aflate-intr-un-local-public-din-giurgiulesti-amenintate-cu-un-topor#article","isPartOf":{"@id":"https:\/\/newsmaker.md\/ro\/barbatul-distrugea-tot-ce-iesea-in-cale-doua-persoane-aflate-intr-un-local-public-din-giurgiulesti-amenintate-cu-un-topor"},"author":{"name":"Viorica Rusica","@id":"https:\/\/newsmaker.md\/ro\/#\/schema\/person\/40866395965f78e07a77735687c3aaf2"},"headline":"Dou\u0103 persoane aflate \u00eentr-un local public din Giurgiule\u0219ti, amenin\u021bate cu un topor. Cine este agresorul?","datePublished":"2022-01-08T10:42:44+00:00","dateModified":"2022-01-08T11:22:56+00:00","mainEntityOfPage":{"@id":"https:\/\/newsmaker.md\/ro\/barbatul-distrugea-tot-ce-iesea-in-cale-doua-persoane-aflate-intr-un-local-public-din-giurgiulesti-amenintate-cu-un-topor"},"wordCount":251,"commentCount":0,"publisher":{"@id":"https:\/\/newsmaker.md\/ro\/#organization"},"image":{"@id":"https:\/\/newsmaker.md\/ro\/barbatul-distrugea-tot-ce-iesea-in-cale-doua-persoane-aflate-intr-un-local-public-din-giurgiulesti-amenintate-cu-un-topor#primaryimage"},"thumbnailUrl":"https:\/\/newsmaker.md\/wp-content\/uploads\/2022\/01\/barbat.jpg","keywords":["amenin\u021bare","Giurgiule\u0219ti","top","topor"],"articleSection":["Via\u021b\u0103"],"inLanguage":"ro-RO","potentialAction":[{"@type":"CommentAction","name":"Comment","target":["https:\/\/newsmaker.md\/ro\/barbatul-distrugea-tot-ce-iesea-in-cale-doua-persoane-aflate-intr-un-local-public-din-giurgiulesti-amenintate-cu-un-topor#respond"]}],"copyrightYear":"2022","copyrightHolder":{"@id":"https:\/\/newsmaker.md\/#organization"}},{"@type":"WebPage","@id":"https:\/\/newsmaker.md\/ro\/barbatul-distrugea-tot-ce-iesea-in-cale-doua-persoane-aflate-intr-un-local-public-din-giurgiulesti-amenintate-cu-un-topor","url":"https:\/\/newsmaker.md\/ro\/barbatul-distrugea-tot-ce-iesea-in-cale-doua-persoane-aflate-intr-un-local-public-din-giurgiulesti-amenintate-cu-un-topor","name":"Dou\u0103 persoane aflate \u00eentr-un local public din Giurgiule\u0219ti, amenin\u021bate cu un topor. Cine este agresorul? - NewsMaker","isPartOf":{"@id":"https:\/\/newsmaker.md\/ro\/#website"},"primaryImageOfPage":{"@id":"https:\/\/newsmaker.md\/ro\/barbatul-distrugea-tot-ce-iesea-in-cale-doua-persoane-aflate-intr-un-local-public-din-giurgiulesti-amenintate-cu-un-topor#primaryimage"},"image":{"@id":"https:\/\/newsmaker.md\/ro\/barbatul-distrugea-tot-ce-iesea-in-cale-doua-persoane-aflate-intr-un-local-public-din-giurgiulesti-amenintate-cu-un-topor#primaryimage"},"thumbnailUrl":"https:\/\/newsmaker.md\/wp-content\/uploads\/2022\/01\/barbat.jpg","datePublished":"2022-01-08T10:42:44+00:00","dateModified":"2022-01-08T11:22:56+00:00","breadcrumb":{"@id":"https:\/\/newsmaker.md\/ro\/barbatul-distrugea-tot-ce-iesea-in-cale-doua-persoane-aflate-intr-un-local-public-din-giurgiulesti-amenintate-cu-un-topor#breadcrumb"},"inLanguage":"ro-RO","potentialAction":[{"@type":"ReadAction","target":["https:\/\/newsmaker.md\/ro\/barbatul-distrugea-tot-ce-iesea-in-cale-doua-persoane-aflate-intr-un-local-public-din-giurgiulesti-amenintate-cu-un-topor"]}]},{"@type":"ImageObject","inLanguage":"ro-RO","@id":"https:\/\/newsmaker.md\/ro\/barbatul-distrugea-tot-ce-iesea-in-cale-doua-persoane-aflate-intr-un-local-public-din-giurgiulesti-amenintate-cu-un-topor#primaryimage","url":"https:\/\/newsmaker.md\/wp-content\/uploads\/2022\/01\/barbat.jpg","contentUrl":"https:\/\/newsmaker.md\/wp-content\/uploads\/2022\/01\/barbat.jpg","width":408,"height":284,"caption":"border.gov.md"},{"@type":"BreadcrumbList","@id":"https:\/\/newsmaker.md\/ro\/barbatul-distrugea-tot-ce-iesea-in-cale-doua-persoane-aflate-intr-un-local-public-din-giurgiulesti-amenintate-cu-un-topor#breadcrumb","itemListElement":[{"@type":"ListItem","position":1,"name":"Home","item":"https:\/\/newsmaker.md\/ro"},{"@type":"ListItem","position":2,"name":"Dou\u0103 persoane aflate \u00eentr-un local public din Giurgiule\u0219ti, amenin\u021bate cu un topor. Cine este agresorul?"}]},{"@type":"WebSite","@id":"https:\/\/newsmaker.md\/ro\/#website","url":"https:\/\/newsmaker.md\/ro\/","name":"NewsMaker.md","description":"\u0422\u043e\u043b\u044c\u043a\u043e \u0441\u0430\u043c\u044b\u0435 \u0432\u0430\u0436\u043d\u044b\u0435 \u043d\u043e\u0432\u043e\u0441\u0442\u0438 \u041c\u043e\u043b\u0434\u043e\u0432\u044b \u0438 \u043c\u0438\u0440\u0430","publisher":{"@id":"https:\/\/newsmaker.md\/ro\/#organization"},"potentialAction":[{"@type":"SearchAction","target":{"@type":"EntryPoint","urlTemplate":"https:\/\/newsmaker.md\/ro\/?s={search_term_string}"},"query-input":{"@type":"PropertyValueSpecification","valueRequired":true,"valueName":"search_term_string"}}],"inLanguage":"ro-RO"},{"@type":"Organization","@id":"https:\/\/newsmaker.md\/ro\/#organization","name":"NewsMaker.md","url":"https:\/\/newsmaker.md\/ro\/","logo":{"@type":"ImageObject","inLanguage":"ro-RO","@id":"https:\/\/newsmaker.md\/ro\/#\/schema\/logo\/image\/","url":"https:\/\/newsmaker.md\/wp-content\/uploads\/2019\/01\/logo_square.jpg","contentUrl":"https:\/\/newsmaker.md\/wp-content\/uploads\/2019\/01\/logo_square.jpg","width":2835,"height":2835,"caption":"NewsMaker.md"},"image":{"@id":"https:\/\/newsmaker.md\/ro\/#\/schema\/logo\/image\/"},"sameAs":["https:\/\/www.facebook.com\/newsmakermd\/","https:\/\/x.com\/NewsMakerMD","https:\/\/www.instagram.com\/newsmakermd\/","https:\/\/www.youtube.com\/channel\/UCRk7uMJLm68va162_gEmJLA"],"ownershipFundingInfo":"https:\/\/newsmaker.md\/ru\/o-proekte"},{"@type":"Person","@id":"https:\/\/newsmaker.md\/ro\/#\/schema\/person\/40866395965f78e07a77735687c3aaf2","name":"Viorica Rusica","image":{"@type":"ImageObject","inLanguage":"ro-RO","@id":"https:\/\/newsmaker.md\/ro\/#\/schema\/person\/image\/","url":"https:\/\/secure.gravatar.com\/avatar\/22eb933410e3780ea70c346c61339175?s=96&d=mm&r=g","contentUrl":"https:\/\/secure.gravatar.com\/avatar\/22eb933410e3780ea70c346c61339175?s=96&d=mm&r=g","caption":"Viorica Rusica"},"url":"https:\/\/newsmaker.md\/ro\/author\/rusica"}]}},"_links":{"self":[{"href":"https:\/\/newsmaker.md\/ro\/wp-json\/wp\/v2\/posts\/467025","targetHints":{"allow":["GET"]}}],"collection":[{"href":"https:\/\/newsmaker.md\/ro\/wp-json\/wp\/v2\/posts"}],"about":[{"href":"https:\/\/newsmaker.md\/ro\/wp-json\/wp\/v2\/types\/post"}],"author":[{"embeddable":true,"href":"https:\/\/newsmaker.md\/ro\/wp-json\/wp\/v2\/users\/75"}],"replies":[{"embeddable":true,"href":"https:\/\/newsmaker.md\/ro\/wp-json\/wp\/v2\/comments?post=467025"}],"version-history":[{"count":0,"href":"https:\/\/newsmaker.md\/ro\/wp-json\/wp\/v2\/posts\/467025\/revisions"}],"wp:featuredmedia":[{"embeddable":true,"href":"https:\/\/newsmaker.md\/ro\/wp-json\/wp\/v2\/media\/467028"}],"wp:attachment":[{"href":"https:\/\/newsmaker.md\/ro\/wp-json\/wp\/v2\/media?parent=467025"}],"wp:term":[{"taxonomy":"category","embeddable":true,"href":"https:\/\/newsmaker.md\/ro\/wp-json\/wp\/v2\/categories?post=467025"},{"taxonomy":"post_tag","embeddable":true,"href":"https:\/\/newsmaker.md\/ro\/wp-json\/wp\/v2\/tags?post=467025"},{"taxonomy":"author_tag","embeddable":true,"href":"https:\/\/newsmaker.md\/ro\/wp-json\/wp\/v2\/author_tag?post=467025"}],"curies":[{"name":"wp","href":"https:\/\/api.w.org\/{rel}","templated":true}]}}