{"id":478974,"date":"2022-02-07T10:15:32","date_gmt":"2022-02-07T08:15:32","guid":{"rendered":"https:\/\/newsmaker.md\/?p=478974"},"modified":"2022-02-07T10:15:32","modified_gmt":"2022-02-07T08:15:32","slug":"doc-compensatiile-banesti-pentru-personalul-de-conducere-si-didactic-din-institutiile-de-invatamant-general-public-s-ar-putea-dubla","status":"publish","type":"post","link":"https:\/\/newsmaker.md\/ro\/doc-compensatiile-banesti-pentru-personalul-de-conducere-si-didactic-din-institutiile-de-invatamant-general-public-s-ar-putea-dubla","title":{"rendered":"DOC Compensa\u021biile b\u0103ne\u0219ti pentru personalul de conducere \u0219i didactic din institu\u021biile de \u00eenv\u0103\u021b\u0103m\u00e2nt general public s-ar putea dubla"},"content":{"rendered":"<p><strong>Ministerul Educa\u021biei \u0219i Cercet\u0103rii propune majorarea cuantumului compensa\u021biei b\u0103ne\u0219ti anuale de la 2000 lei la 4000 lei a personalului de conducere \u0219i didactic din institu\u021biile de \u00eenv\u0103\u021b\u0103m\u00e2nt general publice. Banii ar urma s\u0103 fie acorda\u021bi \u00eentr-o singur\u0103 tran\u0219\u0103, \u00een luna septembrie.\u00a0<\/strong><\/p>\n<div dir=\"auto\">Proiectul Hot\u0103r\u00e2rii Guvernului prevede majorarea cuantumului compensa\u021biei b\u0103ne\u0219ti anuale de la 2000 lei la 4000 lei pentru un an de studii \u0219i acordarea acesteia, \u00eentr-o singur\u0103 tran\u0219\u0103, \u00een luna septembrie.<\/div>\n<div dir=\"auto\">Aceast\u0103 modificare a fost propus\u0103 dup\u0103 ce s-a constatat c\u0103 oferirea compensa\u021biei \u00een luna septembrie este mai eficient\u0103 dec\u00e2t \u00een luna ianuarie, deoarece pe parcursul lunilor iunie-august unele cadre didactice pleac\u0103 din institu\u021bie sau chiar din sistem, iar cadrele nou angajate nu pot beneficia de acest suport (compensa\u021bie).<\/div>\n<div dir=\"auto\"><span lang=\"RO\" xml:lang=\"RO\">Proiectul prevede extinderea <\/span><span lang=\"RO\" xml:lang=\"RO\">listei bunurilor ce pot fi procurate din compensa\u021bia unic\u0103 cu posibilitatea achizi\u021bion\u0103rii bunurilor de birotic\u0103 \u0219i papet\u0103rie, consumabile pentru calculatoare \u0219i conexiune la Internet.\u00a0<\/span><\/div>\n<div class=\"cxmmr5t8 oygrvhab hcukyx3x c1et5uql o9v6fnle ii04i59q\">\n<p>\u00cen anul de studii 2021-2022, \u00een institu\u021biile publice de \u00eenv\u0103\u021b\u0103m\u00e2nt general activeaz\u0103 cca 43 000 cadre didactice \u0219i de conducere (angajate de baz\u0103) care desf\u0103\u0219oar\u0103 activitate didactic\u0103. Astfel, \u00een anul 2022, \u00a0pentru alocarea compensa\u021biei unice acordate cadrelor didactice \u0219i de conducere va fi necesar de circa 172 000 000 lei.<\/p>\n<\/div>\n<p style=\"margin: 12px auto 6px auto; font-family: Helvetica,Arial,Sans-serif; font-style: normal; font-variant: normal; font-weight: normal; font-size: 14px; line-height: normal; font-size-adjust: none; font-stretch: normal; -x-system-font: none; display: block;\">\n<p><iframe id=\"doc_21269\" class=\"scribd_iframe_embed\" title=\"nota-informativa-27-01-2022-v2 61fce22ec1847\" src=\"https:\/\/www.scribd.com\/embeds\/557366671\/content?start_page=1&amp;view_mode=scroll&amp;access_key=key-OSANo5Buds7NOMTV1DjR\" width=\"100%\" height=\"600\" frameborder=\"0\" scrolling=\"no\" data-auto-height=\"false\" data-aspect-ratio=\"0.7080062794348508\"><\/iframe><\/p>\n","protected":false},"excerpt":{"rendered":"excerpt","protected":false},"author":65,"featured_media":303449,"comment_status":"open","ping_status":"closed","sticky":false,"template":"","format":"standard","meta":{"_acf_changed":false,"episode_type":"","audio_file":"","cover_image":"","cover_image_id":"","duration":"","filesize":"","date_recorded":"","explicit":"","block":"","filesize_raw":"","footnotes":"","tstyn_error":""},"categories":[15045],"tags":[33661,202265,212092,15773],"author_tag":[23440],"class_list":["post-478974","post","type-post","status-publish","format-standard","has-post-thumbnail","hentry","category-bani","tag-compensatii","tag-majorari","tag-personal-didactic","tag-top-ro","author_tag-stela-untila-ro"],"acf":[],"yoast_head":"<!-- This site is optimized with the Yoast SEO Premium plugin v24.7 (Yoast SEO v24.7) - https:\/\/yoast.com\/wordpress\/plugins\/seo\/ -->\n<title>DOC Compensa\u021biile b\u0103ne\u0219ti pentru personalul de conducere \u0219i didactic din institu\u021biile de \u00eenv\u0103\u021b\u0103m\u00e2nt general public s-ar putea dubla - NewsMaker<\/title>\n<meta name=\"robots\" content=\"index, follow, max-snippet:-1, max-image-preview:large, max-video-preview:-1\" \/>\n<meta property=\"og:locale\" content=\"ro_RO\" \/>\n<meta property=\"og:type\" content=\"article\" \/>\n<meta property=\"og:title\" content=\"DOC Compensa\u021biile b\u0103ne\u0219ti pentru personalul de conducere \u0219i didactic din institu\u021biile de \u00eenv\u0103\u021b\u0103m\u00e2nt general public s-ar putea dubla\" \/>\n<meta property=\"og:description\" content=\"Ministerul Educa\u021biei \u0219i Cercet\u0103rii propune majorarea cuantumului compensa\u021biei b\u0103ne\u0219ti anuale de la 2000 lei la 4000 lei a personalului de conducere \u0219i didactic din institu\u021biile de \u00eenv\u0103\u021b\u0103m\u00e2nt general publice. Banii ar urma s\u0103 fie acorda\u021bi \u00eentr-o singur\u0103 tran\u0219\u0103, \u00een luna septembrie.\u00a0 Proiectul Hot\u0103r\u00e2rii Guvernului prevede majorarea cuantumului compensa\u021biei b\u0103ne\u0219ti anuale de la 2000 lei la [&hellip;]\" \/>\n<meta property=\"og:url\" content=\"https:\/\/newsmaker.md\/ro\/doc-compensatiile-banesti-pentru-personalul-de-conducere-si-didactic-din-institutiile-de-invatamant-general-public-s-ar-putea-dubla\" \/>\n<meta property=\"og:site_name\" content=\"NewsMaker\" \/>\n<meta property=\"article:publisher\" content=\"https:\/\/www.facebook.com\/newsmakermd\/\" \/>\n<meta property=\"article:published_time\" content=\"2022-02-07T08:15:32+00:00\" \/>\n<meta property=\"og:image\" content=\"https:\/\/newsmaker.md\/wp-content\/uploads\/2020\/09\/dsc_2835-scaled.jpg\" \/>\n\t<meta property=\"og:image:width\" content=\"2560\" \/>\n\t<meta property=\"og:image:height\" content=\"1707\" \/>\n\t<meta property=\"og:image:type\" content=\"image\/jpeg\" \/>\n<meta name=\"author\" content=\"Stela Untila\" \/>\n<meta name=\"twitter:card\" content=\"summary_large_image\" \/>\n<meta name=\"twitter:creator\" content=\"@NewsMakerMD\" \/>\n<meta name=\"twitter:site\" content=\"@NewsMakerMD\" \/>\n<script type=\"application\/ld+json\" class=\"yoast-schema-graph\">{\"@context\":\"https:\/\/schema.org\",\"@graph\":[{\"@type\":\"Article\",\"@id\":\"https:\/\/newsmaker.md\/ro\/doc-compensatiile-banesti-pentru-personalul-de-conducere-si-didactic-din-institutiile-de-invatamant-general-public-s-ar-putea-dubla#article\",\"isPartOf\":{\"@id\":\"https:\/\/newsmaker.md\/ro\/doc-compensatiile-banesti-pentru-personalul-de-conducere-si-didactic-din-institutiile-de-invatamant-general-public-s-ar-putea-dubla\"},\"author\":{\"name\":\"Stela Untila\",\"@id\":\"https:\/\/newsmaker.md\/ro\/#\/schema\/person\/ec63acf5518d6dc42684c134d546fe60\"},\"headline\":\"DOC Compensa\u021biile b\u0103ne\u0219ti pentru personalul de conducere \u0219i didactic din institu\u021biile de \u00eenv\u0103\u021b\u0103m\u00e2nt general public s-ar putea dubla\",\"datePublished\":\"2022-02-07T08:15:32+00:00\",\"mainEntityOfPage\":{\"@id\":\"https:\/\/newsmaker.md\/ro\/doc-compensatiile-banesti-pentru-personalul-de-conducere-si-didactic-din-institutiile-de-invatamant-general-public-s-ar-putea-dubla\"},\"wordCount\":237,\"commentCount\":0,\"publisher\":{\"@id\":\"https:\/\/newsmaker.md\/ro\/#organization\"},\"image\":{\"@id\":\"https:\/\/newsmaker.md\/ro\/doc-compensatiile-banesti-pentru-personalul-de-conducere-si-didactic-din-institutiile-de-invatamant-general-public-s-ar-putea-dubla#primaryimage\"},\"thumbnailUrl\":\"https:\/\/newsmaker.md\/wp-content\/uploads\/2020\/09\/dsc_2835-scaled.jpg\",\"keywords\":[\"compensa\u021bii\",\"major\u0103ri\",\"personal didactic\",\"top\"],\"articleSection\":[\"Bani\"],\"inLanguage\":\"ro-RO\",\"potentialAction\":[{\"@type\":\"CommentAction\",\"name\":\"Comment\",\"target\":[\"https:\/\/newsmaker.md\/ro\/doc-compensatiile-banesti-pentru-personalul-de-conducere-si-didactic-din-institutiile-de-invatamant-general-public-s-ar-putea-dubla#respond\"]}],\"copyrightYear\":\"2022\",\"copyrightHolder\":{\"@id\":\"https:\/\/newsmaker.md\/#organization\"}},{\"@type\":\"WebPage\",\"@id\":\"https:\/\/newsmaker.md\/ro\/doc-compensatiile-banesti-pentru-personalul-de-conducere-si-didactic-din-institutiile-de-invatamant-general-public-s-ar-putea-dubla\",\"url\":\"https:\/\/newsmaker.md\/ro\/doc-compensatiile-banesti-pentru-personalul-de-conducere-si-didactic-din-institutiile-de-invatamant-general-public-s-ar-putea-dubla\",\"name\":\"DOC Compensa\u021biile b\u0103ne\u0219ti pentru personalul de conducere \u0219i didactic din institu\u021biile de \u00eenv\u0103\u021b\u0103m\u00e2nt general public s-ar putea dubla - NewsMaker\",\"isPartOf\":{\"@id\":\"https:\/\/newsmaker.md\/ro\/#website\"},\"primaryImageOfPage\":{\"@id\":\"https:\/\/newsmaker.md\/ro\/doc-compensatiile-banesti-pentru-personalul-de-conducere-si-didactic-din-institutiile-de-invatamant-general-public-s-ar-putea-dubla#primaryimage\"},\"image\":{\"@id\":\"https:\/\/newsmaker.md\/ro\/doc-compensatiile-banesti-pentru-personalul-de-conducere-si-didactic-din-institutiile-de-invatamant-general-public-s-ar-putea-dubla#primaryimage\"},\"thumbnailUrl\":\"https:\/\/newsmaker.md\/wp-content\/uploads\/2020\/09\/dsc_2835-scaled.jpg\",\"datePublished\":\"2022-02-07T08:15:32+00:00\",\"breadcrumb\":{\"@id\":\"https:\/\/newsmaker.md\/ro\/doc-compensatiile-banesti-pentru-personalul-de-conducere-si-didactic-din-institutiile-de-invatamant-general-public-s-ar-putea-dubla#breadcrumb\"},\"inLanguage\":\"ro-RO\",\"potentialAction\":[{\"@type\":\"ReadAction\",\"target\":[\"https:\/\/newsmaker.md\/ro\/doc-compensatiile-banesti-pentru-personalul-de-conducere-si-didactic-din-institutiile-de-invatamant-general-public-s-ar-putea-dubla\"]}]},{\"@type\":\"ImageObject\",\"inLanguage\":\"ro-RO\",\"@id\":\"https:\/\/newsmaker.md\/ro\/doc-compensatiile-banesti-pentru-personalul-de-conducere-si-didactic-din-institutiile-de-invatamant-general-public-s-ar-putea-dubla#primaryimage\",\"url\":\"https:\/\/newsmaker.md\/wp-content\/uploads\/2020\/09\/dsc_2835-scaled.jpg\",\"contentUrl\":\"https:\/\/newsmaker.md\/wp-content\/uploads\/2020\/09\/dsc_2835-scaled.jpg\",\"width\":2560,\"height\":1707,\"caption\":\"\u041c\u0430\u043a\u0441\u0438\u043c \u0410\u043d\u0434\u0440\u0435\u0435\u0432, NewsMaker\"},{\"@type\":\"BreadcrumbList\",\"@id\":\"https:\/\/newsmaker.md\/ro\/doc-compensatiile-banesti-pentru-personalul-de-conducere-si-didactic-din-institutiile-de-invatamant-general-public-s-ar-putea-dubla#breadcrumb\",\"itemListElement\":[{\"@type\":\"ListItem\",\"position\":1,\"name\":\"Home\",\"item\":\"https:\/\/newsmaker.md\/ro\"},{\"@type\":\"ListItem\",\"position\":2,\"name\":\"DOC Compensa\u021biile b\u0103ne\u0219ti pentru personalul de conducere \u0219i didactic din institu\u021biile de \u00eenv\u0103\u021b\u0103m\u00e2nt general public s-ar putea dubla\"}]},{\"@type\":\"WebSite\",\"@id\":\"https:\/\/newsmaker.md\/ro\/#website\",\"url\":\"https:\/\/newsmaker.md\/ro\/\",\"name\":\"NewsMaker.md\",\"description\":\"\u0422\u043e\u043b\u044c\u043a\u043e \u0441\u0430\u043c\u044b\u0435 \u0432\u0430\u0436\u043d\u044b\u0435 \u043d\u043e\u0432\u043e\u0441\u0442\u0438 \u041c\u043e\u043b\u0434\u043e\u0432\u044b \u0438 \u043c\u0438\u0440\u0430\",\"publisher\":{\"@id\":\"https:\/\/newsmaker.md\/ro\/#organization\"},\"potentialAction\":[{\"@type\":\"SearchAction\",\"target\":{\"@type\":\"EntryPoint\",\"urlTemplate\":\"https:\/\/newsmaker.md\/ro\/?s={search_term_string}\"},\"query-input\":{\"@type\":\"PropertyValueSpecification\",\"valueRequired\":true,\"valueName\":\"search_term_string\"}}],\"inLanguage\":\"ro-RO\"},{\"@type\":\"Organization\",\"@id\":\"https:\/\/newsmaker.md\/ro\/#organization\",\"name\":\"NewsMaker.md\",\"url\":\"https:\/\/newsmaker.md\/ro\/\",\"logo\":{\"@type\":\"ImageObject\",\"inLanguage\":\"ro-RO\",\"@id\":\"https:\/\/newsmaker.md\/ro\/#\/schema\/logo\/image\/\",\"url\":\"https:\/\/newsmaker.md\/wp-content\/uploads\/2019\/01\/logo_square.jpg\",\"contentUrl\":\"https:\/\/newsmaker.md\/wp-content\/uploads\/2019\/01\/logo_square.jpg\",\"width\":2835,\"height\":2835,\"caption\":\"NewsMaker.md\"},\"image\":{\"@id\":\"https:\/\/newsmaker.md\/ro\/#\/schema\/logo\/image\/\"},\"sameAs\":[\"https:\/\/www.facebook.com\/newsmakermd\/\",\"https:\/\/x.com\/NewsMakerMD\",\"https:\/\/www.instagram.com\/newsmakermd\/\",\"https:\/\/www.youtube.com\/channel\/UCRk7uMJLm68va162_gEmJLA\"],\"ownershipFundingInfo\":\"https:\/\/newsmaker.md\/ru\/o-proekte\"},{\"@type\":\"Person\",\"@id\":\"https:\/\/newsmaker.md\/ro\/#\/schema\/person\/ec63acf5518d6dc42684c134d546fe60\",\"name\":\"Stela Untila\",\"image\":{\"@type\":\"ImageObject\",\"inLanguage\":\"ro-RO\",\"@id\":\"https:\/\/newsmaker.md\/ro\/#\/schema\/person\/image\/\",\"url\":\"https:\/\/secure.gravatar.com\/avatar\/a07a50e42119c28feb934062bb482760?s=96&d=mm&r=g\",\"contentUrl\":\"https:\/\/secure.gravatar.com\/avatar\/a07a50e42119c28feb934062bb482760?s=96&d=mm&r=g\",\"caption\":\"Stela Untila\"},\"url\":\"https:\/\/newsmaker.md\/ro\/author\/untila\"}]}<\/script>\n<!-- \/ Yoast SEO Premium plugin. -->","yoast_head_json":{"title":"DOC Compensa\u021biile b\u0103ne\u0219ti pentru personalul de conducere \u0219i didactic din institu\u021biile de \u00eenv\u0103\u021b\u0103m\u00e2nt general public s-ar putea dubla - NewsMaker","robots":{"index":"index","follow":"follow","max-snippet":"max-snippet:-1","max-image-preview":"max-image-preview:large","max-video-preview":"max-video-preview:-1"},"og_locale":"ro_RO","og_type":"article","og_title":"DOC Compensa\u021biile b\u0103ne\u0219ti pentru personalul de conducere \u0219i didactic din institu\u021biile de \u00eenv\u0103\u021b\u0103m\u00e2nt general public s-ar putea dubla","og_description":"Ministerul Educa\u021biei \u0219i Cercet\u0103rii propune majorarea cuantumului compensa\u021biei b\u0103ne\u0219ti anuale de la 2000 lei la 4000 lei a personalului de conducere \u0219i didactic din institu\u021biile de \u00eenv\u0103\u021b\u0103m\u00e2nt general publice. Banii ar urma s\u0103 fie acorda\u021bi \u00eentr-o singur\u0103 tran\u0219\u0103, \u00een luna septembrie.\u00a0 Proiectul Hot\u0103r\u00e2rii Guvernului prevede majorarea cuantumului compensa\u021biei b\u0103ne\u0219ti anuale de la 2000 lei la [&hellip;]","og_url":"https:\/\/newsmaker.md\/ro\/doc-compensatiile-banesti-pentru-personalul-de-conducere-si-didactic-din-institutiile-de-invatamant-general-public-s-ar-putea-dubla","og_site_name":"NewsMaker","article_publisher":"https:\/\/www.facebook.com\/newsmakermd\/","article_published_time":"2022-02-07T08:15:32+00:00","og_image":[{"width":2560,"height":1707,"url":"https:\/\/newsmaker.md\/wp-content\/uploads\/2020\/09\/dsc_2835-scaled.jpg","type":"image\/jpeg"}],"author":"Stela Untila","twitter_card":"summary_large_image","twitter_creator":"@NewsMakerMD","twitter_site":"@NewsMakerMD","schema":{"@context":"https:\/\/schema.org","@graph":[{"@type":"Article","@id":"https:\/\/newsmaker.md\/ro\/doc-compensatiile-banesti-pentru-personalul-de-conducere-si-didactic-din-institutiile-de-invatamant-general-public-s-ar-putea-dubla#article","isPartOf":{"@id":"https:\/\/newsmaker.md\/ro\/doc-compensatiile-banesti-pentru-personalul-de-conducere-si-didactic-din-institutiile-de-invatamant-general-public-s-ar-putea-dubla"},"author":{"name":"Stela Untila","@id":"https:\/\/newsmaker.md\/ro\/#\/schema\/person\/ec63acf5518d6dc42684c134d546fe60"},"headline":"DOC Compensa\u021biile b\u0103ne\u0219ti pentru personalul de conducere \u0219i didactic din institu\u021biile de \u00eenv\u0103\u021b\u0103m\u00e2nt general public s-ar putea dubla","datePublished":"2022-02-07T08:15:32+00:00","mainEntityOfPage":{"@id":"https:\/\/newsmaker.md\/ro\/doc-compensatiile-banesti-pentru-personalul-de-conducere-si-didactic-din-institutiile-de-invatamant-general-public-s-ar-putea-dubla"},"wordCount":237,"commentCount":0,"publisher":{"@id":"https:\/\/newsmaker.md\/ro\/#organization"},"image":{"@id":"https:\/\/newsmaker.md\/ro\/doc-compensatiile-banesti-pentru-personalul-de-conducere-si-didactic-din-institutiile-de-invatamant-general-public-s-ar-putea-dubla#primaryimage"},"thumbnailUrl":"https:\/\/newsmaker.md\/wp-content\/uploads\/2020\/09\/dsc_2835-scaled.jpg","keywords":["compensa\u021bii","major\u0103ri","personal didactic","top"],"articleSection":["Bani"],"inLanguage":"ro-RO","potentialAction":[{"@type":"CommentAction","name":"Comment","target":["https:\/\/newsmaker.md\/ro\/doc-compensatiile-banesti-pentru-personalul-de-conducere-si-didactic-din-institutiile-de-invatamant-general-public-s-ar-putea-dubla#respond"]}],"copyrightYear":"2022","copyrightHolder":{"@id":"https:\/\/newsmaker.md\/#organization"}},{"@type":"WebPage","@id":"https:\/\/newsmaker.md\/ro\/doc-compensatiile-banesti-pentru-personalul-de-conducere-si-didactic-din-institutiile-de-invatamant-general-public-s-ar-putea-dubla","url":"https:\/\/newsmaker.md\/ro\/doc-compensatiile-banesti-pentru-personalul-de-conducere-si-didactic-din-institutiile-de-invatamant-general-public-s-ar-putea-dubla","name":"DOC Compensa\u021biile b\u0103ne\u0219ti pentru personalul de conducere \u0219i didactic din institu\u021biile de \u00eenv\u0103\u021b\u0103m\u00e2nt general public s-ar putea dubla - NewsMaker","isPartOf":{"@id":"https:\/\/newsmaker.md\/ro\/#website"},"primaryImageOfPage":{"@id":"https:\/\/newsmaker.md\/ro\/doc-compensatiile-banesti-pentru-personalul-de-conducere-si-didactic-din-institutiile-de-invatamant-general-public-s-ar-putea-dubla#primaryimage"},"image":{"@id":"https:\/\/newsmaker.md\/ro\/doc-compensatiile-banesti-pentru-personalul-de-conducere-si-didactic-din-institutiile-de-invatamant-general-public-s-ar-putea-dubla#primaryimage"},"thumbnailUrl":"https:\/\/newsmaker.md\/wp-content\/uploads\/2020\/09\/dsc_2835-scaled.jpg","datePublished":"2022-02-07T08:15:32+00:00","breadcrumb":{"@id":"https:\/\/newsmaker.md\/ro\/doc-compensatiile-banesti-pentru-personalul-de-conducere-si-didactic-din-institutiile-de-invatamant-general-public-s-ar-putea-dubla#breadcrumb"},"inLanguage":"ro-RO","potentialAction":[{"@type":"ReadAction","target":["https:\/\/newsmaker.md\/ro\/doc-compensatiile-banesti-pentru-personalul-de-conducere-si-didactic-din-institutiile-de-invatamant-general-public-s-ar-putea-dubla"]}]},{"@type":"ImageObject","inLanguage":"ro-RO","@id":"https:\/\/newsmaker.md\/ro\/doc-compensatiile-banesti-pentru-personalul-de-conducere-si-didactic-din-institutiile-de-invatamant-general-public-s-ar-putea-dubla#primaryimage","url":"https:\/\/newsmaker.md\/wp-content\/uploads\/2020\/09\/dsc_2835-scaled.jpg","contentUrl":"https:\/\/newsmaker.md\/wp-content\/uploads\/2020\/09\/dsc_2835-scaled.jpg","width":2560,"height":1707,"caption":"\u041c\u0430\u043a\u0441\u0438\u043c \u0410\u043d\u0434\u0440\u0435\u0435\u0432, NewsMaker"},{"@type":"BreadcrumbList","@id":"https:\/\/newsmaker.md\/ro\/doc-compensatiile-banesti-pentru-personalul-de-conducere-si-didactic-din-institutiile-de-invatamant-general-public-s-ar-putea-dubla#breadcrumb","itemListElement":[{"@type":"ListItem","position":1,"name":"Home","item":"https:\/\/newsmaker.md\/ro"},{"@type":"ListItem","position":2,"name":"DOC Compensa\u021biile b\u0103ne\u0219ti pentru personalul de conducere \u0219i didactic din institu\u021biile de \u00eenv\u0103\u021b\u0103m\u00e2nt general public s-ar putea dubla"}]},{"@type":"WebSite","@id":"https:\/\/newsmaker.md\/ro\/#website","url":"https:\/\/newsmaker.md\/ro\/","name":"NewsMaker.md","description":"\u0422\u043e\u043b\u044c\u043a\u043e \u0441\u0430\u043c\u044b\u0435 \u0432\u0430\u0436\u043d\u044b\u0435 \u043d\u043e\u0432\u043e\u0441\u0442\u0438 \u041c\u043e\u043b\u0434\u043e\u0432\u044b \u0438 \u043c\u0438\u0440\u0430","publisher":{"@id":"https:\/\/newsmaker.md\/ro\/#organization"},"potentialAction":[{"@type":"SearchAction","target":{"@type":"EntryPoint","urlTemplate":"https:\/\/newsmaker.md\/ro\/?s={search_term_string}"},"query-input":{"@type":"PropertyValueSpecification","valueRequired":true,"valueName":"search_term_string"}}],"inLanguage":"ro-RO"},{"@type":"Organization","@id":"https:\/\/newsmaker.md\/ro\/#organization","name":"NewsMaker.md","url":"https:\/\/newsmaker.md\/ro\/","logo":{"@type":"ImageObject","inLanguage":"ro-RO","@id":"https:\/\/newsmaker.md\/ro\/#\/schema\/logo\/image\/","url":"https:\/\/newsmaker.md\/wp-content\/uploads\/2019\/01\/logo_square.jpg","contentUrl":"https:\/\/newsmaker.md\/wp-content\/uploads\/2019\/01\/logo_square.jpg","width":2835,"height":2835,"caption":"NewsMaker.md"},"image":{"@id":"https:\/\/newsmaker.md\/ro\/#\/schema\/logo\/image\/"},"sameAs":["https:\/\/www.facebook.com\/newsmakermd\/","https:\/\/x.com\/NewsMakerMD","https:\/\/www.instagram.com\/newsmakermd\/","https:\/\/www.youtube.com\/channel\/UCRk7uMJLm68va162_gEmJLA"],"ownershipFundingInfo":"https:\/\/newsmaker.md\/ru\/o-proekte"},{"@type":"Person","@id":"https:\/\/newsmaker.md\/ro\/#\/schema\/person\/ec63acf5518d6dc42684c134d546fe60","name":"Stela Untila","image":{"@type":"ImageObject","inLanguage":"ro-RO","@id":"https:\/\/newsmaker.md\/ro\/#\/schema\/person\/image\/","url":"https:\/\/secure.gravatar.com\/avatar\/a07a50e42119c28feb934062bb482760?s=96&d=mm&r=g","contentUrl":"https:\/\/secure.gravatar.com\/avatar\/a07a50e42119c28feb934062bb482760?s=96&d=mm&r=g","caption":"Stela Untila"},"url":"https:\/\/newsmaker.md\/ro\/author\/untila"}]}},"_links":{"self":[{"href":"https:\/\/newsmaker.md\/ro\/wp-json\/wp\/v2\/posts\/478974","targetHints":{"allow":["GET"]}}],"collection":[{"href":"https:\/\/newsmaker.md\/ro\/wp-json\/wp\/v2\/posts"}],"about":[{"href":"https:\/\/newsmaker.md\/ro\/wp-json\/wp\/v2\/types\/post"}],"author":[{"embeddable":true,"href":"https:\/\/newsmaker.md\/ro\/wp-json\/wp\/v2\/users\/65"}],"replies":[{"embeddable":true,"href":"https:\/\/newsmaker.md\/ro\/wp-json\/wp\/v2\/comments?post=478974"}],"version-history":[{"count":0,"href":"https:\/\/newsmaker.md\/ro\/wp-json\/wp\/v2\/posts\/478974\/revisions"}],"wp:featuredmedia":[{"embeddable":true,"href":"https:\/\/newsmaker.md\/ro\/wp-json\/wp\/v2\/media\/303449"}],"wp:attachment":[{"href":"https:\/\/newsmaker.md\/ro\/wp-json\/wp\/v2\/media?parent=478974"}],"wp:term":[{"taxonomy":"category","embeddable":true,"href":"https:\/\/newsmaker.md\/ro\/wp-json\/wp\/v2\/categories?post=478974"},{"taxonomy":"post_tag","embeddable":true,"href":"https:\/\/newsmaker.md\/ro\/wp-json\/wp\/v2\/tags?post=478974"},{"taxonomy":"author_tag","embeddable":true,"href":"https:\/\/newsmaker.md\/ro\/wp-json\/wp\/v2\/author_tag?post=478974"}],"curies":[{"name":"wp","href":"https:\/\/api.w.org\/{rel}","templated":true}]}}