{"id":638876,"date":"2023-02-12T13:48:00","date_gmt":"2023-02-12T11:48:00","guid":{"rendered":"https:\/\/newsmaker.md\/?p=638876"},"modified":"2023-02-12T13:48:00","modified_gmt":"2023-02-12T11:48:00","slug":"vasnetov-spune-ca-moscova-vrea-reluarea-formatului-5-2-rusia-va-cauta-o-solutie-echitabila-a-problemei-transnistrene","status":"publish","type":"post","link":"https:\/\/newsmaker.md\/ro\/vasnetov-spune-ca-moscova-vrea-reluarea-formatului-5-2-rusia-va-cauta-o-solutie-echitabila-a-problemei-transnistrene","title":{"rendered":"Vasne\u021bov spune c\u0103 Moscova vrea reluarea formatului \u201e5+2\u201d: \u201eRusia va c\u0103uta o solu\u021bie echitabil\u0103 a problemei transnistrene\u201d"},"content":{"rendered":"<p><strong>Rusia va continua s\u0103 caute o solu\u021bie echitabil\u0103 a problemei transnistrene, f\u0103r\u0103 a \u00eenc\u0103lca integritatea teritorial\u0103 a Republicii Moldova. Declara\u021bia a fost f\u0103cut\u0103\u00a0ambasadorul Federa\u021biei Ruse la Chi\u0219in\u0103u\u00a0Oleg Vasne\u021bov, \u00eentr-un interviu pentru <a href=\"https:\/\/ria.ru\/20230212\/pridnestrove-1851501786.html\" target=\"_blank\" rel=\"noopener\">RIA<\/a>. Vasne\u021bov a mai spus c\u0103 Rusia mizeaz\u0103 pe reluarea negocierilor cu privire la reglementarea transnistrean\u0103.\u00a0<\/strong><\/p>\n<p>Vasne\u021bov a declarat c\u0103 &#8222;Federa\u021bia Rus\u0103 este garantul reglement\u0103rii transnistrene&#8221;.<\/p>\n<p>&#8222;Acest statut impune o mare responsabilitate, iar partea rus\u0103 ac\u021bioneaz\u0103 cu deplin\u0103 con\u0219tientizare a acestui lucru. Vom continua s\u0103 c\u0103ut\u0103m o solu\u021bie echitabil\u0103 la problema reglement\u0103rii transnistrene, ajung\u00e2nd la acorduri privind un statut special, de \u00eencredere, garantat pentru Transnistria cu respectarea suveranit\u0103\u021bii \u0219i asigur\u00e2nd integritatea teritorial\u0103 a Republicii Moldova&#8221;, a ad\u0103ugat Vasne\u021bov.<\/p>\n<p>El a mai declarat c\u0103 partea rus\u0103 mizeaz\u0103 pe reluarea negocierilor \u00een formatul \u201e5+2\u201d.<\/p>\n<p>&#8222;Acum nu m-a\u0219 gr\u0103bi s\u0103 evaluez activitatea dialogului \u00een format \u201e5+2\u201d, av\u00e2nd \u00een vedere \u00eent\u00e2rzierea \u00eendelungat\u0103 a relu\u0103rii acestuia. Federa\u021bia Rus\u0103 mizeaz\u0103 pe reluarea rapid\u0103 a negocierilor cu privire la reglementarea transnistrean\u0103&#8221;, a conchis ambasadorul.<\/p>\n<p>Declara\u021biile lui Vasne\u021bov vin \u00een contextul adopt\u0103rii\u00a0de c\u0103tre parlamentul Republicii Moldova a proiectului de lege care prevede sanc\u021biuni pentru ac\u021biuni de separatism.<\/p>\n<p>***<\/p>\n<p>Pe 2 februarie 2023, deputa\u021bii moldoveni au adoptat \u00een lectura a II-a proiectul\u00a0de lege care are scopul de a \u00eembun\u0103t\u0103\u021bi cadrul normativ \u00een domeniul securit\u0103\u021bii statului. \u00cen acest sens, a fost modificat Codul penal, pentru combaterea riscurilor \u0219i amenin\u021b\u0103rilor, generate de ac\u021biunile informativ subversive ale serviciilor speciale str\u0103ine \u00een raport cu Republica Moldova.<\/p>\n<p>Potrivit amendamentului, Codul Penal este\u00a0completat cu o nou\u0103 component\u0103 de infrac\u021biune\u00a0\u0219i anume sanc\u021biuni cu privare de libertate de la 2 la 5 ani pentru \u201eac\u021biuni s\u0103v\u00e2r\u0219ite cu scopul de a separa o parte din teritoriul Republicii Moldova, precum \u0219i distribuirea informa\u021biilor care incit\u0103 la astfel de ac\u021biuni\u201d.<\/p>\n<div>\n<p>***<\/p>\n<p>Liderul nerecunoscut de la Tiraspol Vadim Krasnoselski declara c\u0103 legea care pedepse\u0219te separatismul este \u201eprimul semn al unui genocid\u201d. &#8222;Legea separatismului i-a desemnat pe to\u021bi transnistrenii drept criminali. Anterior, ei doreau s\u0103 fac\u0103 asta ilegal, dar acum au venit cu o lege \u2013 numind criminali pe to\u021bi locuitorii Transnistriei, au eliminat decalajul legal\u201d, <a href=\"https:\/\/newsmaker.md\/ro\/krasnoselski-despre-legea-cu-privire-la-separatism-primul-semn-de-genocid\/\" target=\"_blank\" rel=\"noopener\">a declarat Krasnoselski<\/a>.<\/p>\n<p>Deputatul Partidului Ac\u021biune \u0219i Solidaritate Oazu Nantoi a men\u021bionat pentru portalul rus Kommersant, \u00eentr-o discu\u021bie despre noua lege care prevede sanc\u021biuni pentru separatism, c\u0103 reprezentantul Tiraspolului responsabil de \u201eafacerile externe\u201d ale regiunii transnistrene, Vitalii Ignatiev, \u201e<a href=\"https:\/\/newsmaker.md\/ro\/deputat-pas-vitalii-ignatiev-poate-fi-arestat-cand-va-veni-la-chisinau\/\" target=\"_blank\" rel=\"noopener\">poate fi arestat, c\u00e2nd va veni la Chi\u0219in\u0103u\u201d<\/a>.<\/p>\n<p>Vicepre\u0219edintele Parlamentului, deputatul PAS Mihai Pop\u0219oi a fost mai pu\u021bin categoric \u0219i a remarcat c\u0103 amendamentele respective ar putea face complica rela\u021biile dintre p\u0103r\u021bile diferendului. \u201eNu suntem judec\u0103tori \u0219i procurori ca s\u0103 d\u0103m interpret\u0103ri. Legea pentru asta \u0219i este lege, ca judec\u0103torii s\u0103 o poat\u0103 aplica la momentul necesar. Fiecare caz trebuie examinat \u00een sistemul justi\u021biei. Exist\u0103 riscul c\u0103 procesul de negocieri dintre Chi\u0219in\u0103u \u0219i Tiraspol va deveni mai dificil\u201d, a declarat parlamentarul \u0219i a ad\u0103ugat c\u00e2nd negocierile dintre cele dou\u0103 p\u0103r\u021bi au fost mereu dificile.<\/p>\n<p>Ignatiev men\u021biona anterior c\u0103 amendamentele elaborate de Chi\u0219in\u0103u la Codul Penal \u201ear putea avea un efect distrug\u0103tor asupra \u00eentregului proces de negocieri\u201d.<\/p>\n<\/div>\n<hr>\r\n<p><span style=\"color: #333333;\"><strong>Abona\u021bi-v\u0103 la canalul de Telegram <\/strong><a target=\"_blank\" href=\"https:\/\/t.me\/ro_newsmakerlive\"><strong>NewsMaker \u00een rom\u00e2n\u0103.<\/strong><\/a><strong> Relat\u0103m despre cele mai importante \u0219tiri din \u021bar\u0103 \u0219i de peste hotare.<\/strong><\/span><\/p>\r\n<hr>\n<hr>\r\n<p><span style=\"color: #000; background-color: #FFEB09;\"><strong>Vre\u021bi s\u0103 sus\u021bine\u021bi ceea ce facem?<\/strong><\/span><\/p>\r\n<p><span style=\"color: #333333;\">Pute\u021bi contribui la realizarea jurnalismului calitativ. Pentru aceasta, pute\u021bi contribui printr-o dona\u021bie unic\u0103 prin sistemul E-commerce de la maib sau pute\u021bi \u00eentocmi un abonament lunar pe Patreon! \u00cen acest mod, pute\u021bi fi parte a schimb\u0103rii \u00een bine pentru Moldova. Datorit\u0103 contribu\u021biei dvs, noi vom avea posibilitatea s\u0103 transform\u0103m \u00een realitate \u0219i mai multe proiecte noi \u0219i importante \u0219i, ceea ce este la fel de important, s\u0103 r\u0103m\u00e2nem independen\u021bi. Indiferent de m\u0103rimea contribu\u021biei, ve\u021bi primi un mic cadou. Accesa\u021bi linkul pentru a fi complicele nostru. Nu este greu, ba chiar pl\u0103cut.<\/span><\/p>\r\n<a href=\"https:\/\/love.newsmaker.md\"><strong>Sus\u021bine\u021bi NewsMaker!<\/strong><\/a>\r\n<hr \/>\n","protected":false},"excerpt":{"rendered":"excerpt","protected":false},"author":76,"featured_media":192626,"comment_status":"open","ping_status":"closed","sticky":false,"template":"","format":"standard","meta":{"_acf_changed":false,"episode_type":"","audio_file":"","cover_image":"","cover_image_id":"","duration":"","filesize":"","date_recorded":"","explicit":"","block":"","filesize_raw":"","footnotes":"","tstyn_error":""},"categories":[15624],"tags":[54472,215821,214059,28554,15773,15788],"author_tag":[210362],"class_list":["post-638876","post","type-post","status-publish","format-standard","has-post-thumbnail","hentry","category-politica","tag-5-2-ro","tag-moldova-3","tag-oleg-vasnetov","tag-rusia","tag-top-ro","tag-transnistria","author_tag-mihaela-conovali"],"acf":[],"yoast_head":"<!-- This site is optimized with the Yoast SEO Premium plugin v24.7 (Yoast SEO v24.7) - https:\/\/yoast.com\/wordpress\/plugins\/seo\/ -->\n<title>Vasne\u021bov spune c\u0103 Moscova vrea reluarea formatului \u201e5+2\u201d: \u201eRusia va c\u0103uta o solu\u021bie echitabil\u0103 a problemei transnistrene\u201d - NewsMaker<\/title>\n<meta name=\"robots\" content=\"index, follow, max-snippet:-1, max-image-preview:large, max-video-preview:-1\" \/>\n<meta property=\"og:locale\" content=\"ro_RO\" \/>\n<meta property=\"og:type\" content=\"article\" \/>\n<meta property=\"og:title\" content=\"Vasne\u021bov spune c\u0103 Moscova vrea reluarea formatului \u201e5+2\u201d: \u201eRusia va c\u0103uta o solu\u021bie echitabil\u0103 a problemei transnistrene\u201d\" \/>\n<meta property=\"og:description\" content=\"Rusia va continua s\u0103 caute o solu\u021bie echitabil\u0103 a problemei transnistrene, f\u0103r\u0103 a \u00eenc\u0103lca integritatea teritorial\u0103 a Republicii Moldova. Declara\u021bia a fost f\u0103cut\u0103\u00a0ambasadorul Federa\u021biei Ruse la Chi\u0219in\u0103u\u00a0Oleg Vasne\u021bov, \u00eentr-un interviu pentru RIA. Vasne\u021bov a mai spus c\u0103 Rusia mizeaz\u0103 pe reluarea negocierilor cu privire la reglementarea transnistrean\u0103.\u00a0 Vasne\u021bov a declarat c\u0103 &#8222;Federa\u021bia Rus\u0103 este garantul [&hellip;]\" \/>\n<meta property=\"og:url\" content=\"https:\/\/newsmaker.md\/ro\/vasnetov-spune-ca-moscova-vrea-reluarea-formatului-5-2-rusia-va-cauta-o-solutie-echitabila-a-problemei-transnistrene\" \/>\n<meta property=\"og:site_name\" content=\"NewsMaker\" \/>\n<meta property=\"article:publisher\" content=\"https:\/\/www.facebook.com\/newsmakermd\/\" \/>\n<meta property=\"article:published_time\" content=\"2023-02-12T11:48:00+00:00\" \/>\n<meta property=\"og:image\" content=\"https:\/\/newsmaker.md\/wp-content\/uploads\/2019\/03\/38703201_2072116203029263_7322725588194557952_n.jpg\" \/>\n\t<meta property=\"og:image:width\" content=\"1000\" \/>\n\t<meta property=\"og:image:height\" content=\"746\" \/>\n\t<meta property=\"og:image:type\" content=\"image\/jpeg\" \/>\n<meta name=\"author\" content=\"Mihaela Conovali\" \/>\n<meta name=\"twitter:card\" content=\"summary_large_image\" \/>\n<meta name=\"twitter:creator\" content=\"@NewsMakerMD\" \/>\n<meta name=\"twitter:site\" content=\"@NewsMakerMD\" \/>\n<script type=\"application\/ld+json\" class=\"yoast-schema-graph\">{\"@context\":\"https:\/\/schema.org\",\"@graph\":[{\"@type\":\"Article\",\"@id\":\"https:\/\/newsmaker.md\/ro\/vasnetov-spune-ca-moscova-vrea-reluarea-formatului-5-2-rusia-va-cauta-o-solutie-echitabila-a-problemei-transnistrene#article\",\"isPartOf\":{\"@id\":\"https:\/\/newsmaker.md\/ro\/vasnetov-spune-ca-moscova-vrea-reluarea-formatului-5-2-rusia-va-cauta-o-solutie-echitabila-a-problemei-transnistrene\"},\"author\":{\"name\":\"Mihaela Conovali\",\"@id\":\"https:\/\/newsmaker.md\/ro\/#\/schema\/person\/9046000a42f523d46ec588be297973c4\"},\"headline\":\"Vasne\u021bov spune c\u0103 Moscova vrea reluarea formatului \u201e5+2\u201d: \u201eRusia va c\u0103uta o solu\u021bie echitabil\u0103 a problemei transnistrene\u201d\",\"datePublished\":\"2023-02-12T11:48:00+00:00\",\"mainEntityOfPage\":{\"@id\":\"https:\/\/newsmaker.md\/ro\/vasnetov-spune-ca-moscova-vrea-reluarea-formatului-5-2-rusia-va-cauta-o-solutie-echitabila-a-problemei-transnistrene\"},\"wordCount\":594,\"commentCount\":0,\"publisher\":{\"@id\":\"https:\/\/newsmaker.md\/ro\/#organization\"},\"image\":{\"@id\":\"https:\/\/newsmaker.md\/ro\/vasnetov-spune-ca-moscova-vrea-reluarea-formatului-5-2-rusia-va-cauta-o-solutie-echitabila-a-problemei-transnistrene#primaryimage\"},\"thumbnailUrl\":\"https:\/\/newsmaker.md\/wp-content\/uploads\/2019\/03\/38703201_2072116203029263_7322725588194557952_n.jpg\",\"keywords\":[\"5+2\",\"Moldova\",\"Oleg Vasne\u021bov\",\"rusia\",\"top\",\"Transnistria\"],\"articleSection\":[\"Politic\u0103\"],\"inLanguage\":\"ro-RO\",\"potentialAction\":[{\"@type\":\"CommentAction\",\"name\":\"Comment\",\"target\":[\"https:\/\/newsmaker.md\/ro\/vasnetov-spune-ca-moscova-vrea-reluarea-formatului-5-2-rusia-va-cauta-o-solutie-echitabila-a-problemei-transnistrene#respond\"]}],\"copyrightYear\":\"2023\",\"copyrightHolder\":{\"@id\":\"https:\/\/newsmaker.md\/#organization\"}},{\"@type\":\"WebPage\",\"@id\":\"https:\/\/newsmaker.md\/ro\/vasnetov-spune-ca-moscova-vrea-reluarea-formatului-5-2-rusia-va-cauta-o-solutie-echitabila-a-problemei-transnistrene\",\"url\":\"https:\/\/newsmaker.md\/ro\/vasnetov-spune-ca-moscova-vrea-reluarea-formatului-5-2-rusia-va-cauta-o-solutie-echitabila-a-problemei-transnistrene\",\"name\":\"Vasne\u021bov spune c\u0103 Moscova vrea reluarea formatului \u201e5+2\u201d: \u201eRusia va c\u0103uta o solu\u021bie echitabil\u0103 a problemei transnistrene\u201d - NewsMaker\",\"isPartOf\":{\"@id\":\"https:\/\/newsmaker.md\/ro\/#website\"},\"primaryImageOfPage\":{\"@id\":\"https:\/\/newsmaker.md\/ro\/vasnetov-spune-ca-moscova-vrea-reluarea-formatului-5-2-rusia-va-cauta-o-solutie-echitabila-a-problemei-transnistrene#primaryimage\"},\"image\":{\"@id\":\"https:\/\/newsmaker.md\/ro\/vasnetov-spune-ca-moscova-vrea-reluarea-formatului-5-2-rusia-va-cauta-o-solutie-echitabila-a-problemei-transnistrene#primaryimage\"},\"thumbnailUrl\":\"https:\/\/newsmaker.md\/wp-content\/uploads\/2019\/03\/38703201_2072116203029263_7322725588194557952_n.jpg\",\"datePublished\":\"2023-02-12T11:48:00+00:00\",\"breadcrumb\":{\"@id\":\"https:\/\/newsmaker.md\/ro\/vasnetov-spune-ca-moscova-vrea-reluarea-formatului-5-2-rusia-va-cauta-o-solutie-echitabila-a-problemei-transnistrene#breadcrumb\"},\"inLanguage\":\"ro-RO\",\"potentialAction\":[{\"@type\":\"ReadAction\",\"target\":[\"https:\/\/newsmaker.md\/ro\/vasnetov-spune-ca-moscova-vrea-reluarea-formatului-5-2-rusia-va-cauta-o-solutie-echitabila-a-problemei-transnistrene\"]}]},{\"@type\":\"ImageObject\",\"inLanguage\":\"ro-RO\",\"@id\":\"https:\/\/newsmaker.md\/ro\/vasnetov-spune-ca-moscova-vrea-reluarea-formatului-5-2-rusia-va-cauta-o-solutie-echitabila-a-problemei-transnistrene#primaryimage\",\"url\":\"https:\/\/newsmaker.md\/wp-content\/uploads\/2019\/03\/38703201_2072116203029263_7322725588194557952_n.jpg\",\"contentUrl\":\"https:\/\/newsmaker.md\/wp-content\/uploads\/2019\/03\/38703201_2072116203029263_7322725588194557952_n.jpg\",\"width\":1000,\"height\":746,\"caption\":\"facebook.com\/\u0418\u0433\u043e\u0440\u044c \u0414\u043e\u0434\u043e\u043d\"},{\"@type\":\"BreadcrumbList\",\"@id\":\"https:\/\/newsmaker.md\/ro\/vasnetov-spune-ca-moscova-vrea-reluarea-formatului-5-2-rusia-va-cauta-o-solutie-echitabila-a-problemei-transnistrene#breadcrumb\",\"itemListElement\":[{\"@type\":\"ListItem\",\"position\":1,\"name\":\"Home\",\"item\":\"https:\/\/newsmaker.md\/ro\"},{\"@type\":\"ListItem\",\"position\":2,\"name\":\"Vasne\u021bov spune c\u0103 Moscova vrea reluarea formatului \u201e5+2\u201d: \u201eRusia va c\u0103uta o solu\u021bie echitabil\u0103 a problemei transnistrene\u201d\"}]},{\"@type\":\"WebSite\",\"@id\":\"https:\/\/newsmaker.md\/ro\/#website\",\"url\":\"https:\/\/newsmaker.md\/ro\/\",\"name\":\"NewsMaker.md\",\"description\":\"\u0422\u043e\u043b\u044c\u043a\u043e \u0441\u0430\u043c\u044b\u0435 \u0432\u0430\u0436\u043d\u044b\u0435 \u043d\u043e\u0432\u043e\u0441\u0442\u0438 \u041c\u043e\u043b\u0434\u043e\u0432\u044b \u0438 \u043c\u0438\u0440\u0430\",\"publisher\":{\"@id\":\"https:\/\/newsmaker.md\/ro\/#organization\"},\"potentialAction\":[{\"@type\":\"SearchAction\",\"target\":{\"@type\":\"EntryPoint\",\"urlTemplate\":\"https:\/\/newsmaker.md\/ro\/?s={search_term_string}\"},\"query-input\":{\"@type\":\"PropertyValueSpecification\",\"valueRequired\":true,\"valueName\":\"search_term_string\"}}],\"inLanguage\":\"ro-RO\"},{\"@type\":\"Organization\",\"@id\":\"https:\/\/newsmaker.md\/ro\/#organization\",\"name\":\"NewsMaker.md\",\"url\":\"https:\/\/newsmaker.md\/ro\/\",\"logo\":{\"@type\":\"ImageObject\",\"inLanguage\":\"ro-RO\",\"@id\":\"https:\/\/newsmaker.md\/ro\/#\/schema\/logo\/image\/\",\"url\":\"https:\/\/newsmaker.md\/wp-content\/uploads\/2019\/01\/logo_square.jpg\",\"contentUrl\":\"https:\/\/newsmaker.md\/wp-content\/uploads\/2019\/01\/logo_square.jpg\",\"width\":2835,\"height\":2835,\"caption\":\"NewsMaker.md\"},\"image\":{\"@id\":\"https:\/\/newsmaker.md\/ro\/#\/schema\/logo\/image\/\"},\"sameAs\":[\"https:\/\/www.facebook.com\/newsmakermd\/\",\"https:\/\/x.com\/NewsMakerMD\",\"https:\/\/www.instagram.com\/newsmakermd\/\",\"https:\/\/www.youtube.com\/channel\/UCRk7uMJLm68va162_gEmJLA\"],\"ownershipFundingInfo\":\"https:\/\/newsmaker.md\/ru\/o-proekte\"},{\"@type\":\"Person\",\"@id\":\"https:\/\/newsmaker.md\/ro\/#\/schema\/person\/9046000a42f523d46ec588be297973c4\",\"name\":\"Mihaela Conovali\",\"image\":{\"@type\":\"ImageObject\",\"inLanguage\":\"ro-RO\",\"@id\":\"https:\/\/newsmaker.md\/ro\/#\/schema\/person\/image\/\",\"url\":\"https:\/\/secure.gravatar.com\/avatar\/b547e68abbcb1acd702544ac521300d1?s=96&d=mm&r=g\",\"contentUrl\":\"https:\/\/secure.gravatar.com\/avatar\/b547e68abbcb1acd702544ac521300d1?s=96&d=mm&r=g\",\"caption\":\"Mihaela Conovali\"},\"url\":\"https:\/\/newsmaker.md\/ro\/author\/conovali\"}]}<\/script>\n<!-- \/ Yoast SEO Premium plugin. -->","yoast_head_json":{"title":"Vasne\u021bov spune c\u0103 Moscova vrea reluarea formatului \u201e5+2\u201d: \u201eRusia va c\u0103uta o solu\u021bie echitabil\u0103 a problemei transnistrene\u201d - NewsMaker","robots":{"index":"index","follow":"follow","max-snippet":"max-snippet:-1","max-image-preview":"max-image-preview:large","max-video-preview":"max-video-preview:-1"},"og_locale":"ro_RO","og_type":"article","og_title":"Vasne\u021bov spune c\u0103 Moscova vrea reluarea formatului \u201e5+2\u201d: \u201eRusia va c\u0103uta o solu\u021bie echitabil\u0103 a problemei transnistrene\u201d","og_description":"Rusia va continua s\u0103 caute o solu\u021bie echitabil\u0103 a problemei transnistrene, f\u0103r\u0103 a \u00eenc\u0103lca integritatea teritorial\u0103 a Republicii Moldova. Declara\u021bia a fost f\u0103cut\u0103\u00a0ambasadorul Federa\u021biei Ruse la Chi\u0219in\u0103u\u00a0Oleg Vasne\u021bov, \u00eentr-un interviu pentru RIA. Vasne\u021bov a mai spus c\u0103 Rusia mizeaz\u0103 pe reluarea negocierilor cu privire la reglementarea transnistrean\u0103.\u00a0 Vasne\u021bov a declarat c\u0103 &#8222;Federa\u021bia Rus\u0103 este garantul [&hellip;]","og_url":"https:\/\/newsmaker.md\/ro\/vasnetov-spune-ca-moscova-vrea-reluarea-formatului-5-2-rusia-va-cauta-o-solutie-echitabila-a-problemei-transnistrene","og_site_name":"NewsMaker","article_publisher":"https:\/\/www.facebook.com\/newsmakermd\/","article_published_time":"2023-02-12T11:48:00+00:00","og_image":[{"width":1000,"height":746,"url":"https:\/\/newsmaker.md\/wp-content\/uploads\/2019\/03\/38703201_2072116203029263_7322725588194557952_n.jpg","type":"image\/jpeg"}],"author":"Mihaela Conovali","twitter_card":"summary_large_image","twitter_creator":"@NewsMakerMD","twitter_site":"@NewsMakerMD","schema":{"@context":"https:\/\/schema.org","@graph":[{"@type":"Article","@id":"https:\/\/newsmaker.md\/ro\/vasnetov-spune-ca-moscova-vrea-reluarea-formatului-5-2-rusia-va-cauta-o-solutie-echitabila-a-problemei-transnistrene#article","isPartOf":{"@id":"https:\/\/newsmaker.md\/ro\/vasnetov-spune-ca-moscova-vrea-reluarea-formatului-5-2-rusia-va-cauta-o-solutie-echitabila-a-problemei-transnistrene"},"author":{"name":"Mihaela Conovali","@id":"https:\/\/newsmaker.md\/ro\/#\/schema\/person\/9046000a42f523d46ec588be297973c4"},"headline":"Vasne\u021bov spune c\u0103 Moscova vrea reluarea formatului \u201e5+2\u201d: \u201eRusia va c\u0103uta o solu\u021bie echitabil\u0103 a problemei transnistrene\u201d","datePublished":"2023-02-12T11:48:00+00:00","mainEntityOfPage":{"@id":"https:\/\/newsmaker.md\/ro\/vasnetov-spune-ca-moscova-vrea-reluarea-formatului-5-2-rusia-va-cauta-o-solutie-echitabila-a-problemei-transnistrene"},"wordCount":594,"commentCount":0,"publisher":{"@id":"https:\/\/newsmaker.md\/ro\/#organization"},"image":{"@id":"https:\/\/newsmaker.md\/ro\/vasnetov-spune-ca-moscova-vrea-reluarea-formatului-5-2-rusia-va-cauta-o-solutie-echitabila-a-problemei-transnistrene#primaryimage"},"thumbnailUrl":"https:\/\/newsmaker.md\/wp-content\/uploads\/2019\/03\/38703201_2072116203029263_7322725588194557952_n.jpg","keywords":["5+2","Moldova","Oleg Vasne\u021bov","rusia","top","Transnistria"],"articleSection":["Politic\u0103"],"inLanguage":"ro-RO","potentialAction":[{"@type":"CommentAction","name":"Comment","target":["https:\/\/newsmaker.md\/ro\/vasnetov-spune-ca-moscova-vrea-reluarea-formatului-5-2-rusia-va-cauta-o-solutie-echitabila-a-problemei-transnistrene#respond"]}],"copyrightYear":"2023","copyrightHolder":{"@id":"https:\/\/newsmaker.md\/#organization"}},{"@type":"WebPage","@id":"https:\/\/newsmaker.md\/ro\/vasnetov-spune-ca-moscova-vrea-reluarea-formatului-5-2-rusia-va-cauta-o-solutie-echitabila-a-problemei-transnistrene","url":"https:\/\/newsmaker.md\/ro\/vasnetov-spune-ca-moscova-vrea-reluarea-formatului-5-2-rusia-va-cauta-o-solutie-echitabila-a-problemei-transnistrene","name":"Vasne\u021bov spune c\u0103 Moscova vrea reluarea formatului \u201e5+2\u201d: \u201eRusia va c\u0103uta o solu\u021bie echitabil\u0103 a problemei transnistrene\u201d - NewsMaker","isPartOf":{"@id":"https:\/\/newsmaker.md\/ro\/#website"},"primaryImageOfPage":{"@id":"https:\/\/newsmaker.md\/ro\/vasnetov-spune-ca-moscova-vrea-reluarea-formatului-5-2-rusia-va-cauta-o-solutie-echitabila-a-problemei-transnistrene#primaryimage"},"image":{"@id":"https:\/\/newsmaker.md\/ro\/vasnetov-spune-ca-moscova-vrea-reluarea-formatului-5-2-rusia-va-cauta-o-solutie-echitabila-a-problemei-transnistrene#primaryimage"},"thumbnailUrl":"https:\/\/newsmaker.md\/wp-content\/uploads\/2019\/03\/38703201_2072116203029263_7322725588194557952_n.jpg","datePublished":"2023-02-12T11:48:00+00:00","breadcrumb":{"@id":"https:\/\/newsmaker.md\/ro\/vasnetov-spune-ca-moscova-vrea-reluarea-formatului-5-2-rusia-va-cauta-o-solutie-echitabila-a-problemei-transnistrene#breadcrumb"},"inLanguage":"ro-RO","potentialAction":[{"@type":"ReadAction","target":["https:\/\/newsmaker.md\/ro\/vasnetov-spune-ca-moscova-vrea-reluarea-formatului-5-2-rusia-va-cauta-o-solutie-echitabila-a-problemei-transnistrene"]}]},{"@type":"ImageObject","inLanguage":"ro-RO","@id":"https:\/\/newsmaker.md\/ro\/vasnetov-spune-ca-moscova-vrea-reluarea-formatului-5-2-rusia-va-cauta-o-solutie-echitabila-a-problemei-transnistrene#primaryimage","url":"https:\/\/newsmaker.md\/wp-content\/uploads\/2019\/03\/38703201_2072116203029263_7322725588194557952_n.jpg","contentUrl":"https:\/\/newsmaker.md\/wp-content\/uploads\/2019\/03\/38703201_2072116203029263_7322725588194557952_n.jpg","width":1000,"height":746,"caption":"facebook.com\/\u0418\u0433\u043e\u0440\u044c \u0414\u043e\u0434\u043e\u043d"},{"@type":"BreadcrumbList","@id":"https:\/\/newsmaker.md\/ro\/vasnetov-spune-ca-moscova-vrea-reluarea-formatului-5-2-rusia-va-cauta-o-solutie-echitabila-a-problemei-transnistrene#breadcrumb","itemListElement":[{"@type":"ListItem","position":1,"name":"Home","item":"https:\/\/newsmaker.md\/ro"},{"@type":"ListItem","position":2,"name":"Vasne\u021bov spune c\u0103 Moscova vrea reluarea formatului \u201e5+2\u201d: \u201eRusia va c\u0103uta o solu\u021bie echitabil\u0103 a problemei transnistrene\u201d"}]},{"@type":"WebSite","@id":"https:\/\/newsmaker.md\/ro\/#website","url":"https:\/\/newsmaker.md\/ro\/","name":"NewsMaker.md","description":"\u0422\u043e\u043b\u044c\u043a\u043e \u0441\u0430\u043c\u044b\u0435 \u0432\u0430\u0436\u043d\u044b\u0435 \u043d\u043e\u0432\u043e\u0441\u0442\u0438 \u041c\u043e\u043b\u0434\u043e\u0432\u044b \u0438 \u043c\u0438\u0440\u0430","publisher":{"@id":"https:\/\/newsmaker.md\/ro\/#organization"},"potentialAction":[{"@type":"SearchAction","target":{"@type":"EntryPoint","urlTemplate":"https:\/\/newsmaker.md\/ro\/?s={search_term_string}"},"query-input":{"@type":"PropertyValueSpecification","valueRequired":true,"valueName":"search_term_string"}}],"inLanguage":"ro-RO"},{"@type":"Organization","@id":"https:\/\/newsmaker.md\/ro\/#organization","name":"NewsMaker.md","url":"https:\/\/newsmaker.md\/ro\/","logo":{"@type":"ImageObject","inLanguage":"ro-RO","@id":"https:\/\/newsmaker.md\/ro\/#\/schema\/logo\/image\/","url":"https:\/\/newsmaker.md\/wp-content\/uploads\/2019\/01\/logo_square.jpg","contentUrl":"https:\/\/newsmaker.md\/wp-content\/uploads\/2019\/01\/logo_square.jpg","width":2835,"height":2835,"caption":"NewsMaker.md"},"image":{"@id":"https:\/\/newsmaker.md\/ro\/#\/schema\/logo\/image\/"},"sameAs":["https:\/\/www.facebook.com\/newsmakermd\/","https:\/\/x.com\/NewsMakerMD","https:\/\/www.instagram.com\/newsmakermd\/","https:\/\/www.youtube.com\/channel\/UCRk7uMJLm68va162_gEmJLA"],"ownershipFundingInfo":"https:\/\/newsmaker.md\/ru\/o-proekte"},{"@type":"Person","@id":"https:\/\/newsmaker.md\/ro\/#\/schema\/person\/9046000a42f523d46ec588be297973c4","name":"Mihaela Conovali","image":{"@type":"ImageObject","inLanguage":"ro-RO","@id":"https:\/\/newsmaker.md\/ro\/#\/schema\/person\/image\/","url":"https:\/\/secure.gravatar.com\/avatar\/b547e68abbcb1acd702544ac521300d1?s=96&d=mm&r=g","contentUrl":"https:\/\/secure.gravatar.com\/avatar\/b547e68abbcb1acd702544ac521300d1?s=96&d=mm&r=g","caption":"Mihaela Conovali"},"url":"https:\/\/newsmaker.md\/ro\/author\/conovali"}]}},"_links":{"self":[{"href":"https:\/\/newsmaker.md\/ro\/wp-json\/wp\/v2\/posts\/638876","targetHints":{"allow":["GET"]}}],"collection":[{"href":"https:\/\/newsmaker.md\/ro\/wp-json\/wp\/v2\/posts"}],"about":[{"href":"https:\/\/newsmaker.md\/ro\/wp-json\/wp\/v2\/types\/post"}],"author":[{"embeddable":true,"href":"https:\/\/newsmaker.md\/ro\/wp-json\/wp\/v2\/users\/76"}],"replies":[{"embeddable":true,"href":"https:\/\/newsmaker.md\/ro\/wp-json\/wp\/v2\/comments?post=638876"}],"version-history":[{"count":0,"href":"https:\/\/newsmaker.md\/ro\/wp-json\/wp\/v2\/posts\/638876\/revisions"}],"wp:featuredmedia":[{"embeddable":true,"href":"https:\/\/newsmaker.md\/ro\/wp-json\/wp\/v2\/media\/192626"}],"wp:attachment":[{"href":"https:\/\/newsmaker.md\/ro\/wp-json\/wp\/v2\/media?parent=638876"}],"wp:term":[{"taxonomy":"category","embeddable":true,"href":"https:\/\/newsmaker.md\/ro\/wp-json\/wp\/v2\/categories?post=638876"},{"taxonomy":"post_tag","embeddable":true,"href":"https:\/\/newsmaker.md\/ro\/wp-json\/wp\/v2\/tags?post=638876"},{"taxonomy":"author_tag","embeddable":true,"href":"https:\/\/newsmaker.md\/ro\/wp-json\/wp\/v2\/author_tag?post=638876"}],"curies":[{"name":"wp","href":"https:\/\/api.w.org\/{rel}","templated":true}]}}